{"id":224424,"date":"2025-08-27T15:26:04","date_gmt":"2025-08-27T18:26:04","guid":{"rendered":"https:\/\/corrientesdetarde.com\/?p=224424"},"modified":"2025-08-27T15:34:03","modified_gmt":"2025-08-27T18:34:03","slug":"con-la-mira-puesta-en-el-futuro-del-mercosur-milei-viajara-a-paraguay-y-se-reunira-con-santiago-pena","status":"publish","type":"post","link":"https:\/\/corrientesdetarde.com\/index.php\/politica\/con-la-mira-puesta-en-el-futuro-del-mercosur-milei-viajara-a-paraguay-y-se-reunira-con-santiago-pena\/","title":{"rendered":"Con la mira puesta en el futuro del Mercosur, Milei viajar\u00e1 a Paraguay y se reunir\u00e1 con Santiago Pe\u00f1a"},"content":{"rendered":"\n<p>Ser\u00e1 la segunda visita oficial del Presidente a Asunci\u00f3n.<\/p>\n\n\n\n<p>El presidente&nbsp;<strong>Javier Milei&nbsp;<\/strong>viajar\u00e1 entre el 15 y 16 de septiembre pr\u00f3ximo a Paraguay, seg\u00fan inform\u00f3 este mi\u00e9rcoles el embajador argentino en Asunci\u00f3n, Guillermo Nielsen. Ser\u00e1 su segunda visita oficial al pa\u00eds vecino: el 9 de abril pasado estuvo durante unas horas.<\/p>\n\n\n\n<p>El diplom\u00e1tico hizo el anuncio a los periodistas tras reunirse con el titular del Congreso paraguayo,&nbsp;<strong>Basilio N\u00fa\u00f1ez<\/strong>.<\/p>\n\n\n\n<h2 class=\"wp-block-heading\">Qu\u00e9 har\u00e1 Javier Milei en Paraguay<\/h2>\n\n\n\n<p>Nielsen dijo que esta visita de dos d\u00edas demuestra \u201cla importancia que le da el presidente Milei a la relaci\u00f3n con Paraguay\u201d y con su hom\u00f3logo,&nbsp;<strong>Santiago Pe\u00f1a<\/strong>.<\/p>\n\n\n\n<p>\u201cEso est\u00e1 fuera de duda\u201d, apunt\u00f3 Nielsen, sin dar detalles sobre los temas que tratar\u00e1n los gobernantes en la cita. No obstante, se espera que la agenda no solo abarque la relaci\u00f3n bilateral, sino tambi\u00e9n el futuro del Mercosur.<\/p>\n\n\n\n<figure class=\"wp-block-image\"><img decoding=\"async\" src=\"https:\/\/tn.com.ar\/resizer\/v2\/javier-milei-viaja-a-paraguay-y-sera-recibido-por-santiago-pena-foto-x-santipenap-TOSENZII6RBDDCID2RBU54CYYY.jpg?auth=439ab1e4caafd861035219a73d5b5dbd8e6fe5829701c27f95e2b8dac10b6b61&amp;width=767\" alt=\"Javier Milei viaja a Paraguay y ser\u00e1 recibido por Santiago Pe\u00f1a. (Foto: X \/ @SantiPenap)\"\/><\/figure>\n\n\n\n<p>Pe\u00f1a fue el primer presidente que visit\u00f3 a Milei tras su asunci\u00f3n el 10 de diciembre de 2023. Lo hizo en febrero de 2024.<\/p>\n\n\n\n<p>Desde entonces ambos han mantenido&nbsp;<strong>estrechos v\u00ednculos personales<\/strong>. En julio pasado, Pe\u00f1a estuvo en Buenos Aires en ocasi\u00f3n de la cumbre del Mercosur.<\/p>\n","protected":false},"excerpt":{"rendered":"<p>Ser\u00e1 la segunda visita oficial del Presidente a Asunci\u00f3n. El presidente&nbsp;Javier Milei&nbsp;viajar\u00e1 entre el 15 y 16 de septiembre pr\u00f3ximo a Paraguay, seg\u00fan inform\u00f3 este mi\u00e9rcoles el embajador argentino en&hellip; <\/p>\n","protected":false},"author":8,"featured_media":224425,"comment_status":"closed","ping_status":"open","sticky":false,"template":"","format":"standard","meta":{"footnotes":""},"categories":[3],"tags":[],"class_list":["post-224424","post","type-post","status-publish","format-standard","has-post-thumbnail","hentry","category-politica"],"_links":{"self":[{"href":"https:\/\/corrientesdetarde.com\/index.php\/wp-json\/wp\/v2\/posts\/224424","targetHints":{"allow":["GET"]}}],"collection":[{"href":"https:\/\/corrientesdetarde.com\/index.php\/wp-json\/wp\/v2\/posts"}],"about":[{"href":"https:\/\/corrientesdetarde.com\/index.php\/wp-json\/wp\/v2\/types\/post"}],"author":[{"embeddable":true,"href":"https:\/\/corrientesdetarde.com\/index.php\/wp-json\/wp\/v2\/users\/8"}],"replies":[{"embeddable":true,"href":"https:\/\/corrientesdetarde.com\/index.php\/wp-json\/wp\/v2\/comments?post=224424"}],"version-history":[{"count":1,"href":"https:\/\/corrientesdetarde.com\/index.php\/wp-json\/wp\/v2\/posts\/224424\/revisions"}],"predecessor-version":[{"id":224426,"href":"https:\/\/corrientesdetarde.com\/index.php\/wp-json\/wp\/v2\/posts\/224424\/revisions\/224426"}],"wp:featuredmedia":[{"embeddable":true,"href":"https:\/\/corrientesdetarde.com\/index.php\/wp-json\/wp\/v2\/media\/224425"}],"wp:attachment":[{"href":"https:\/\/corrientesdetarde.com\/index.php\/wp-json\/wp\/v2\/media?parent=224424"}],"wp:term":[{"taxonomy":"category","embeddable":true,"href":"https:\/\/corrientesdetarde.com\/index.php\/wp-json\/wp\/v2\/categories?post=224424"},{"taxonomy":"post_tag","embeddable":true,"href":"https:\/\/corrientesdetarde.com\/index.php\/wp-json\/wp\/v2\/tags?post=224424"}],"curies":[{"name":"wp","href":"https:\/\/api.w.org\/{rel}","templated":true}]}}