{"id":224427,"date":"2025-08-27T15:32:46","date_gmt":"2025-08-27T18:32:46","guid":{"rendered":"https:\/\/corrientesdetarde.com\/?p=224427"},"modified":"2025-08-27T15:32:58","modified_gmt":"2025-08-27T18:32:58","slug":"un-joven-murio-tras-ser-corneado-por-un-toro-de-casi-700-kilos-en-su-debut-en-la-plaza-campo-pequeno-de-lisboa","status":"publish","type":"post","link":"https:\/\/corrientesdetarde.com\/index.php\/internacionales\/un-joven-murio-tras-ser-corneado-por-un-toro-de-casi-700-kilos-en-su-debut-en-la-plaza-campo-pequeno-de-lisboa\/","title":{"rendered":"Un joven muri\u00f3 tras ser corneado por un toro de casi 700 kilos en su debut en la plaza Campo Pequeno de Lisboa"},"content":{"rendered":"\n<p>El torero Manuel Mar\u00eda Trindade, de 22 a\u00f1os, sufri\u00f3 un paro cardiorrespiratorio debido a las heridas. Video con im\u00e1genes sensibles.<\/p>\n\n\n\n<p>Un joven de 22 a\u00f1os muri\u00f3 tras ser c<strong>orneado por un toro de 685 kilos<\/strong>&nbsp;el d\u00eda de su debut en la Plaza de Toros de Campo Peque\u00f1o en Lisboa, Portugal.<\/p>\n\n\n\n<p>Manuel Mar\u00eda Trindade, quien pertenec\u00eda al Grupo Forcados Amateur de S\u00e3o Man\u00e7os,&nbsp;<strong>qued\u00f3<\/strong>&nbsp;<strong>inconsciente luego de ser embestido y aplastado contra las tablas<\/strong>. Fue trasladado con ventilaci\u00f3n asistida al Hospital S\u00e3o Jos\u00e9, pero muri\u00f3 por traumatismo cerebral.<\/p>\n\n\n\n<p>Como se observa en el video difundido en las redes, el joven fue asistido por sus compa\u00f1eros y banderilleros, quienes lograron distraer al toro para liberarlo. Inmediatamente, los m\u00e9dicos de la Cruz Roja le brindaron la asistencia inicial en la sala de emergencia del campo antes de llevarlo al hospital, donde sufri\u00f3un paro cardiorrespiratorio debido a las heridas y fue diagnosticado con&nbsp;<strong>muerte cerebral<\/strong>.<\/p>\n\n\n\n<p>Adem\u00e1s de la tr\u00e1gica muerte de Trindade, un hombre de 73 a\u00f1os que estaba entre el p\u00fablico, identificado como Vasco Morais Batista, falleci\u00f3 en las gradas, seg\u00fan inform\u00f3 el diario portugu\u00e9s&nbsp;<em>Zap.&nbsp;<\/em>Los m\u00e9dicos de la Cruz Roja tambi\u00e9n lo atendieron antes de trasladarlo al Hospital Santa Mar\u00eda, done le detectaron un aneurisma a\u00f3rtico fatal.<\/p>\n\n\n\n<figure class=\"wp-block-image\"><img decoding=\"async\" src=\"https:\/\/tn.com.ar\/resizer\/v2\/el-joven-torero-tenia-22-anos-foto-facebook-manuel-maria-trindade-IT4YMEJDYFCPRAO5WCHWLEYBC4.jpg?auth=7276fce1dd075520bce9b21dda00b90f7bb18235cacf1e5ef9d83cab1009af28&amp;width=767\" alt=\"El joven torero ten\u00eda 22 a\u00f1os. (Foto: Facebook Manuel Mar\u00eda Trindade)\"\/><\/figure>\n\n\n\n<p>El incidente ocurri\u00f3 el 22 de agosto. Sin embargo, las im\u00e1genes se viralizaron este martes en las redes, donde se extendi\u00f3 el debate sobre la tauromaquia y el maltrato animal por una muerte que hoy sigue causando revuelo en Portugal.<\/p>\n\n\n\n<p>Seg\u00fan inform\u00f3 el portal&nbsp;<em>Touro e Ouro<\/em>, el partido portugu\u00e9s Personas-Animales-Naturaleza (PAN) present\u00f3 un proyecto de resoluci\u00f3n en la Asamblea de la Rep\u00fablica&nbsp;<strong>para suspender las corridas de toros<\/strong>&nbsp;en Campo Peque\u00f1o y convertirlo en un recinto dedicado a actividades culturales y deportivas.<\/p>\n\n\n\n<h2 class=\"wp-block-heading\">Los \u00f3rganos de Trindade fueron donados: el descargo de su madre<\/h2>\n\n\n\n<p>Alzira Beringel public\u00f3 un descargo en su Facebook este lunes para apuntar contra los antitaurinos que \u201ccelebraron\u201d la muerte de su hijo e inform\u00f3 que los \u00f3rganos de Trindade salvar\u00e1n a siete personas.<\/p>\n\n\n\n<p>\u201cEstoy aqu\u00ed para agradecerles todos sus aplausos, todas sus risas y toda la alegr\u00eda por la muerte de mi hijo. \u00bfLo conoc\u00edan lo suficiente como para alegrarse por su muerte?&nbsp;<strong>\u00bfSaben si le gustaban los animales?<\/strong>\u201d, dijo al principio del mensaje Beringel, quien tambi\u00e9n es enfermera en el Hospital Esp\u00edrito Santo de \u00c9vora.<\/p>\n\n\n\n<figure class=\"wp-block-image\"><img decoding=\"async\" src=\"https:\/\/tn.com.ar\/resizer\/v2\/carta-abierta-de-la-madre-de-trindade-texto-traducido-con-ia-foto-captura-de-facebook-alzira-beringel-Y47WJWKM3JBGZA5EWPBVBMK4NU.PNG?auth=e0d9d9e9e289b564bb4aed0e81809857c85688a947916180ec1ffab0c6035396&amp;width=767\" alt=\"Carta abierta de la madre de Trindade (texto traducido con IA). (Foto: captura de Facebook Alzira Beringel.)\"\/><\/figure>\n\n\n\n<p>Y continu\u00f3: \u201c\u00a1La verdad es que s\u00ed! Siempre hemos tenido perros y son parte de nuestra familia. Dorm\u00edan con \u00e9l, y cuando llegaba a casa, se alegraban con \u00e9l&#8230; \u00a1\u00a1\u00a1Los animales saben qui\u00e9nes son las buenas personas!!!\u201c.<\/p>\n\n\n\n<p>Adem\u00e1s, la madre del torero reproch\u00f3 los comentarios en contra. \u201cPara ti, mi hijo no es un animal. \u00a1Pero s\u00ed lo es! \u00a1\u00a1\u00a1UN ANIMAL RACIONAL!!! \u00bfPor qu\u00e9 no critican a los corredores de F\u00f3rmula 1, a los boxeadores, a los esquiadores, a los aficionados al rappel,&nbsp;<strong>a tantos deportes que ponen en riesgo la vida de animales racionales?\u201d.<\/strong><\/p>\n\n\n\n<p>Al final de la carta, cont\u00f3 que estaba esperando a que le entregaran el cuerpo. \u201cEstoy aqu\u00ed, en casa, esperando a que me den el cuerpo de mi \u201dChico Dorado&#8221;, \u00a1s\u00ed, esperando! Porque \u00e9l, ese animal, era donante de \u00f3rganos (<em>menos mal que nos deshicimos de \u00e9l<\/em>) y as\u00ed, ayudar a siete animales racionales. Mira, celebra, seguir\u00e1 viviendo en siete personas para molestarte. \u00a1Qu\u00e9 malo era el ANIMAL RACIONAL!\u201c.<\/p>\n\n\n\n<p><\/p>\n","protected":false},"excerpt":{"rendered":"<p>El torero Manuel Mar\u00eda Trindade, de 22 a\u00f1os, sufri\u00f3 un paro cardiorrespiratorio debido a las heridas. Video con im\u00e1genes sensibles. Un joven de 22 a\u00f1os muri\u00f3 tras ser corneado por&hellip; <\/p>\n","protected":false},"author":8,"featured_media":224428,"comment_status":"closed","ping_status":"open","sticky":false,"template":"","format":"standard","meta":{"footnotes":""},"categories":[11],"tags":[],"class_list":["post-224427","post","type-post","status-publish","format-standard","has-post-thumbnail","hentry","category-internacionales"],"_links":{"self":[{"href":"https:\/\/corrientesdetarde.com\/index.php\/wp-json\/wp\/v2\/posts\/224427","targetHints":{"allow":["GET"]}}],"collection":[{"href":"https:\/\/corrientesdetarde.com\/index.php\/wp-json\/wp\/v2\/posts"}],"about":[{"href":"https:\/\/corrientesdetarde.com\/index.php\/wp-json\/wp\/v2\/types\/post"}],"author":[{"embeddable":true,"href":"https:\/\/corrientesdetarde.com\/index.php\/wp-json\/wp\/v2\/users\/8"}],"replies":[{"embeddable":true,"href":"https:\/\/corrientesdetarde.com\/index.php\/wp-json\/wp\/v2\/comments?post=224427"}],"version-history":[{"count":1,"href":"https:\/\/corrientesdetarde.com\/index.php\/wp-json\/wp\/v2\/posts\/224427\/revisions"}],"predecessor-version":[{"id":224429,"href":"https:\/\/corrientesdetarde.com\/index.php\/wp-json\/wp\/v2\/posts\/224427\/revisions\/224429"}],"wp:featuredmedia":[{"embeddable":true,"href":"https:\/\/corrientesdetarde.com\/index.php\/wp-json\/wp\/v2\/media\/224428"}],"wp:attachment":[{"href":"https:\/\/corrientesdetarde.com\/index.php\/wp-json\/wp\/v2\/media?parent=224427"}],"wp:term":[{"taxonomy":"category","embeddable":true,"href":"https:\/\/corrientesdetarde.com\/index.php\/wp-json\/wp\/v2\/categories?post=224427"},{"taxonomy":"post_tag","embeddable":true,"href":"https:\/\/corrientesdetarde.com\/index.php\/wp-json\/wp\/v2\/tags?post=224427"}],"curies":[{"name":"wp","href":"https:\/\/api.w.org\/{rel}","templated":true}]}}