{"id":224430,"date":"2025-08-27T15:38:40","date_gmt":"2025-08-27T18:38:40","guid":{"rendered":"https:\/\/corrientesdetarde.com\/?p=224430"},"modified":"2025-08-27T15:38:52","modified_gmt":"2025-08-27T18:38:52","slug":"novak-djokovic-revelo-a-que-joven-promesa-del-tenis-sudamericano-le-gustaria-entrenar-tras-su-retiro","status":"publish","type":"post","link":"https:\/\/corrientesdetarde.com\/index.php\/deportes\/novak-djokovic-revelo-a-que-joven-promesa-del-tenis-sudamericano-le-gustaria-entrenar-tras-su-retiro\/","title":{"rendered":"Novak Djokovic revel\u00f3 a qu\u00e9 joven promesa del tenis sudamericano le gustar\u00eda entrenar tras su retiro"},"content":{"rendered":"\n<p>El serbio empieza a mirar m\u00e1s all\u00e1 de su carrera como jugador profesional y proyecta su futuro como formador, con un joven talento sudamericano en la mira.<\/p>\n\n\n\n<p>Tras una carrera hist\u00f3rica en la cima del tenis mundial,<strong>\u00a0Novak Djokovic\u00a0<\/strong>ya contempla su retiro. Sin embargo, su relaci\u00f3n con el deporte no terminar\u00e1 con el fin de su etapa como jugador profesional. Desde el\u00a0<strong>Abierto de Estados Unidos<\/strong>, que se disputa hasta el 7 de septiembre en Nueva York, el serbio sorprendi\u00f3 con una revelaci\u00f3n.<\/p>\n\n\n\n<p>\u201c<strong>Mi plan despu\u00e9s de retirarme del tenis es entrenar a Fonseca<\/strong>\u201d, expres\u00f3 el ganador de 24 t\u00edtulos de Grand Slam.<\/p>\n\n\n\n<p><strong>Jo\u00e3o Fonseca,<\/strong>&nbsp;el joven brasile\u00f1o de 19 a\u00f1os al que hace referencia Djokovic, es considerado una de las grandes promesas del deporte. Debut\u00f3 en el circuito ATP en 2023 y este a\u00f1o consigui\u00f3 su primer t\u00edtulo en el<strong>&nbsp;ATP de Buenos Aires<\/strong>. Actualmente, ocupa el puesto n\u00famero 45 del ranking mundial.<\/p>\n\n\n\n<figure class=\"wp-block-image\"><img decoding=\"async\" src=\"https:\/\/tn.com.ar\/resizer\/v2\/joao-fonseca-tras-pasar-a-segunda-ronda-del-us-open-foto-ig-joaoffonseca-DVFE2ZDM55AL3CZOWZUH6N7BYA.PNG?auth=45c8543b76dff31528e088ec6473c9827004a01b597e2920443e393f0bcdd84e&amp;width=767\" alt=\"Jo\u00e3o Fonseca, tras pasar a segunda ronda del US Open (Foto: ig @joaoffonseca)\"\/><\/figure>\n\n\n\n<p>Reconocido como uno de los tres grandes del tenis junto a&nbsp;<strong>Rafael Nadal<\/strong>&nbsp;y&nbsp;<strong>Roger Federer,<\/strong>&nbsp;Djokovic dej\u00f3 en claro que su rol como entrenador no ser\u00e1 accesible para cualquiera y brome\u00f3: \u201c<strong>Le va a salir algo caro, as\u00ed que prep\u00e1rense<\/strong>\u201d.<\/p>\n\n\n\n<p>El tenista de 38 a\u00f1os tambi\u00e9n explic\u00f3 por qu\u00e9 decidi\u00f3 no participar en los torneos<strong>&nbsp;Masters 1000 de Canad\u00e1&nbsp;<\/strong>y&nbsp;<strong>Cincinnati<\/strong>. Su elecci\u00f3n responde a una nueva etapa en su vida, en la que prioriza el tiempo en familia por encima de la competencia.<\/p>\n\n\n\n<figure class=\"wp-block-image\"><img decoding=\"async\" src=\"https:\/\/tn.com.ar\/resizer\/v2\/novak-djokovic-firma-autografos-despues-de-ganar-su-partido-de-primera-ronda-del-us-open-contra-learner-tien-foto-reuters-LCRNAOC326FDEEVGBBDCI34IJM.jpg?auth=04bb34923fee4dcd8614a5f28c623c284ba85a391b38ba5de69970419d9b4d9c&amp;width=767\" alt=\"Novak Djokovic firma aut\u00f3grafos despu\u00e9s de ganar su partido de primera ronda del US Open contra Learner Tien (Foto: REUTERS)\"\/><\/figure>\n\n\n\n<p>\u201c<strong>Decid\u00ed no jugar porque quer\u00eda pasar m\u00e1s tiempo con mi familia.<\/strong>&nbsp;Para ser honesto, creo que me he ganado el derecho y tengo el lujo de elegir ad\u00f3nde quiero ir y qu\u00e9 quiero jugar. Para ser sincero, ya no disfruto de los torneos Masters de dos semanas. Son demasiado largos para m\u00ed. Me centro principalmente en los Grand Slams\u201d, declar\u00f3.<\/p>\n\n\n\n<p>Y agreg\u00f3: \u201cTengo claras mis prioridades en la vida y&nbsp;<strong>la familia es lo primero<\/strong>,<strong>&nbsp;por lo que me gusta estar con ellos en las fechas importantes.&nbsp;<\/strong>No estar\u00e9 en el cumplea\u00f1os de mi hija si me va bien aqu\u00ed.&nbsp;<strong>No quiero perderme este tipo de cosas\u201d.<\/strong><\/p>\n\n\n\n<p><\/p>\n","protected":false},"excerpt":{"rendered":"<p>El serbio empieza a mirar m\u00e1s all\u00e1 de su carrera como jugador profesional y proyecta su futuro como formador, con un joven talento sudamericano en la mira. Tras una carrera&hellip; <\/p>\n","protected":false},"author":8,"featured_media":224431,"comment_status":"closed","ping_status":"open","sticky":false,"template":"","format":"standard","meta":{"footnotes":""},"categories":[4],"tags":[],"class_list":["post-224430","post","type-post","status-publish","format-standard","has-post-thumbnail","hentry","category-deportes"],"_links":{"self":[{"href":"https:\/\/corrientesdetarde.com\/index.php\/wp-json\/wp\/v2\/posts\/224430","targetHints":{"allow":["GET"]}}],"collection":[{"href":"https:\/\/corrientesdetarde.com\/index.php\/wp-json\/wp\/v2\/posts"}],"about":[{"href":"https:\/\/corrientesdetarde.com\/index.php\/wp-json\/wp\/v2\/types\/post"}],"author":[{"embeddable":true,"href":"https:\/\/corrientesdetarde.com\/index.php\/wp-json\/wp\/v2\/users\/8"}],"replies":[{"embeddable":true,"href":"https:\/\/corrientesdetarde.com\/index.php\/wp-json\/wp\/v2\/comments?post=224430"}],"version-history":[{"count":1,"href":"https:\/\/corrientesdetarde.com\/index.php\/wp-json\/wp\/v2\/posts\/224430\/revisions"}],"predecessor-version":[{"id":224432,"href":"https:\/\/corrientesdetarde.com\/index.php\/wp-json\/wp\/v2\/posts\/224430\/revisions\/224432"}],"wp:featuredmedia":[{"embeddable":true,"href":"https:\/\/corrientesdetarde.com\/index.php\/wp-json\/wp\/v2\/media\/224431"}],"wp:attachment":[{"href":"https:\/\/corrientesdetarde.com\/index.php\/wp-json\/wp\/v2\/media?parent=224430"}],"wp:term":[{"taxonomy":"category","embeddable":true,"href":"https:\/\/corrientesdetarde.com\/index.php\/wp-json\/wp\/v2\/categories?post=224430"},{"taxonomy":"post_tag","embeddable":true,"href":"https:\/\/corrientesdetarde.com\/index.php\/wp-json\/wp\/v2\/tags?post=224430"}],"curies":[{"name":"wp","href":"https:\/\/api.w.org\/{rel}","templated":true}]}}