{"id":224438,"date":"2025-08-27T16:18:35","date_gmt":"2025-08-27T19:18:35","guid":{"rendered":"https:\/\/corrientesdetarde.com\/?p=224438"},"modified":"2025-08-27T16:18:39","modified_gmt":"2025-08-27T19:18:39","slug":"patricia-sosa-trae-su-alquimia-al-teatro-oficial-juan-de-vera-este-12-de-septiembre","status":"publish","type":"post","link":"https:\/\/corrientesdetarde.com\/index.php\/cultura\/patricia-sosa-trae-su-alquimia-al-teatro-oficial-juan-de-vera-este-12-de-septiembre\/","title":{"rendered":"Patricia Sosa trae su \u201cAlquimia\u201d al Teatro Oficial Juan de Vera este 12 de septiembre"},"content":{"rendered":"\n<p>Una de las voces femeninas m\u00e1s importantes de la m\u00fasica argentina, Patricia Sosa, se presenta en vivo el viernes 12 de septiembre desde las 21 hs. con temas de su reci\u00e9n estrenado disco, que tambi\u00e9n lleva el nombre de la gira que la trae a Corrientes. Las entradas ya est\u00e1n a la venta en&nbsp;<a href=\"https:\/\/4ue34.r.sp1-brevo.net\/mk\/cl\/f\/sh\/6rqJfgq8dINmNvd2HB7mP7OK8Ju\/TOGkkrP3inJe\" target=\"_blank\" rel=\"noreferrer noopener\">weepas.ar<\/a>&nbsp;y en la boleter\u00eda del teatro, San Juan 637.<\/p>\n\n\n\n<p>En el marco de una gira nacional bajo el nombre de \u201cAlquimia\u201d, Patricia Sosa regresa a Corrientes el viernes 12 de septiembre para compartir un viaje musical donde la canci\u00f3n se convierte en un refugio, en una poes\u00eda que acompa\u00f1a y abraza.<\/p>\n\n\n\n<p>Patricia Sosa, una de las voces m\u00e1s emblem\u00e1ticas y queridas de la m\u00fasica argentina, inicia su esperada gira nacional \u201cAlquimia\u201d. Due\u00f1a de un talento \u00fanico que puede estallar en la fuerza del rock o conmover con la ternura de una balada, Patricia vuelve a encontrarse con su p\u00fablico en un recorrido por todo el pa\u00eds.<\/p>\n\n\n\n<p><strong>El disco<\/strong><\/p>\n\n\n\n<p>\u201cAlquimia\u201d es tambi\u00e9n el nombre de su nuevo \u00e1lbum junto al reconocido artista mexicano Manuel Mijares, disponible en&nbsp;<a href=\"https:\/\/4ue34.r.sp1-brevo.net\/mk\/cl\/f\/sh\/6rqJfgq8dIPRQNvBlUXKKiWFlcw\/ap6mxNbB64-u\" target=\"_blank\" rel=\"noreferrer noopener\">https:\/\/tinyurl.com\/yckc9fpd<\/a>&nbsp;En este trabajo, Patricia nos invita a un viaje sonoro donde conviven grandes cl\u00e1sicos ya consagrados, fusionados con la calidez y la fuerza interpretativa que la caracterizan, un \u00e1lbum que promete emocionar y renovar el v\u00ednculo con cada persona que encuentra en la m\u00fasica un sost\u00e9n y una inspiraci\u00f3n.<\/p>\n\n\n\n<p>Patricia Sosa y Mijares se unen por primera vez en un proyecto conjunto que promete conmover y sorprender: &#8220;Alquimia&#8221;, un \u00e1lbum donde la fusi\u00f3n de sus voces transforma grandes canciones en nuevas experiencias sonoras. Juntos, revisitan un repertorio de cl\u00e1sicos contempor\u00e1neos de autores y grupos como Sin Bandera, Son By Four, Soda Stereo, Los Enanitos Verdes, Luis Fonsi, Alejandro Fern\u00e1ndez y Man\u00e1, entre otros.<\/p>\n\n\n\n<p><strong>Sobre Patricia Sosa<\/strong><\/p>\n\n\n\n<p>Siendo la primera mujer argentina en liderar una banda de rock: La Torre. Realiz\u00f3 giras por todo el territorio argentino, Latinoam\u00e9rica, Espa\u00f1a y la Uni\u00f3n Sovi\u00e9tica.<\/p>\n\n\n\n<p>Luego, comenz\u00f3 su carrera como solista. Se destac\u00f3 en variados g\u00e9neros musicales como pop, balada, tango, folklore.&nbsp; En todos y cada uno de ellos ha dejado su impronta de mujer del rock. Particip\u00f3 en grabaciones con distintos m\u00fasicos argentinos y del exterior, como Gloria Estefan, Pl\u00e1cido Domingo, Caetano Veloso, Ricky Martin y Joan Manuel Serrat.<\/p>\n\n\n\n<p>Recibi\u00f3 innumerables premios y distinciones tanto por su actividad art\u00edstica como por su desempe\u00f1o en tareas solidarias, uno de los m\u00e1s destacados es el de \u201cEmbajadora de la Paz\u201d. En 2014, junto a Facundo Ram\u00edrez, present\u00f3 la Misa Criolla en el Vaticano ante el Papa Francisco.<\/p>\n\n\n\n<p>Grab\u00f3, junto a Chucho Vald\u00e9s, el disco \u201cOnce, concierto para dos\u201d, que fue presentado en La Habana en agosto de 2018.<\/p>\n\n\n\n<p><strong>Entradas<\/strong><\/p>\n\n\n\n<p>La cita en el Teatro Juan de Vera ser\u00e1 el viernes 12 de septiembre desde las 21 hs. y las entradas se pueden adquirir en&nbsp;<a href=\"https:\/\/4ue34.r.sp1-brevo.net\/mk\/cl\/f\/sh\/6rqJfgq8dIR6SqDLFnwsGJeBOvy\/qHZ8Hsh8jcPN\" target=\"_blank\" rel=\"noreferrer noopener\">weepas.ar<\/a>&nbsp;a partir de $31.800 o bien en boleter\u00eda del teatro, San Juan 637, de lunes a s\u00e1bados de 9 a 13 hs y de 17 a 21 hs. Para clientes del BanCo con tarjetas de cr\u00e9dito Visa, las mismas tienen un 20% de descuento, $20.000 de tope de reintegro y en hasta 3 cuotas sin inter\u00e9s<\/p>\n","protected":false},"excerpt":{"rendered":"<p>Una de las voces femeninas m\u00e1s importantes de la m\u00fasica argentina, Patricia Sosa, se presenta en vivo el viernes 12 de septiembre desde las 21 hs. con temas de su&hellip; <\/p>\n","protected":false},"author":8,"featured_media":224439,"comment_status":"closed","ping_status":"open","sticky":false,"template":"","format":"standard","meta":{"footnotes":""},"categories":[15],"tags":[],"class_list":["post-224438","post","type-post","status-publish","format-standard","has-post-thumbnail","hentry","category-cultura"],"_links":{"self":[{"href":"https:\/\/corrientesdetarde.com\/index.php\/wp-json\/wp\/v2\/posts\/224438","targetHints":{"allow":["GET"]}}],"collection":[{"href":"https:\/\/corrientesdetarde.com\/index.php\/wp-json\/wp\/v2\/posts"}],"about":[{"href":"https:\/\/corrientesdetarde.com\/index.php\/wp-json\/wp\/v2\/types\/post"}],"author":[{"embeddable":true,"href":"https:\/\/corrientesdetarde.com\/index.php\/wp-json\/wp\/v2\/users\/8"}],"replies":[{"embeddable":true,"href":"https:\/\/corrientesdetarde.com\/index.php\/wp-json\/wp\/v2\/comments?post=224438"}],"version-history":[{"count":1,"href":"https:\/\/corrientesdetarde.com\/index.php\/wp-json\/wp\/v2\/posts\/224438\/revisions"}],"predecessor-version":[{"id":224440,"href":"https:\/\/corrientesdetarde.com\/index.php\/wp-json\/wp\/v2\/posts\/224438\/revisions\/224440"}],"wp:featuredmedia":[{"embeddable":true,"href":"https:\/\/corrientesdetarde.com\/index.php\/wp-json\/wp\/v2\/media\/224439"}],"wp:attachment":[{"href":"https:\/\/corrientesdetarde.com\/index.php\/wp-json\/wp\/v2\/media?parent=224438"}],"wp:term":[{"taxonomy":"category","embeddable":true,"href":"https:\/\/corrientesdetarde.com\/index.php\/wp-json\/wp\/v2\/categories?post=224438"},{"taxonomy":"post_tag","embeddable":true,"href":"https:\/\/corrientesdetarde.com\/index.php\/wp-json\/wp\/v2\/tags?post=224438"}],"curies":[{"name":"wp","href":"https:\/\/api.w.org\/{rel}","templated":true}]}}