{"id":224529,"date":"2025-08-28T09:43:27","date_gmt":"2025-08-28T12:43:27","guid":{"rendered":"https:\/\/corrientesdetarde.com\/?p=224529"},"modified":"2025-08-28T09:43:28","modified_gmt":"2025-08-28T12:43:28","slug":"consulta-el-padron-definitivo-para-las-elecciones-en-corrientes","status":"publish","type":"post","link":"https:\/\/corrientesdetarde.com\/index.php\/eventos\/consulta-el-padron-definitivo-para-las-elecciones-en-corrientes\/","title":{"rendered":"Consult\u00e1 el padr\u00f3n definitivo para las elecciones en Corrientes"},"content":{"rendered":"\n<p><strong>La Junta Electoral Provincial inform\u00f3&nbsp;que ya est\u00e1 habilitado la consulta online del padr\u00f3n definitivo<\/strong>&nbsp;para las elecciones del&nbsp;<strong>domingo 31 de agosto<\/strong>, donde los correntinos elegir\u00e1n nuevas autoridades provinciales y municipales.<\/p>\n\n\n\n<p>Los correntinos&nbsp;ya pueden conocer&nbsp;<strong>d\u00f3nde les toca votar<\/strong>&nbsp;en las&nbsp;<strong>Elecciones Provinciales 2025<\/strong>. Seg\u00fan detallaron,&nbsp;&nbsp;el&nbsp;<strong>padr\u00f3n definitivo ya est\u00e1 disponible<\/strong>&nbsp;y puede consultarse a trav\u00e9s del siguiente enlace oficial:&nbsp;<strong><a target=\"_blank\" href=\"https:\/\/padron.corrientes.gob.ar\/\" rel=\"noreferrer noopener\">padron.corrientes.gob.ar<\/a><\/strong><\/p>\n\n\n\n<p>El padr\u00f3n contiene la informaci\u00f3n correspondiente a&nbsp;<strong>950.320 electores inscriptos<\/strong>, quienes podr\u00e1n verificar su&nbsp;<strong>lugar y mesa de votaci\u00f3n<\/strong>&nbsp;con solo ingresar su n\u00famero de documento y g\u00e9nero.<\/p>\n\n\n\n<p><strong>&nbsp;\u00bfQu\u00e9 se vota el 31 de agosto?<\/strong><\/p>\n\n\n\n<p>En estos comicios, los ciudadanos de Corrientes deber\u00e1n elegir:<\/p>\n\n\n\n<ul class=\"wp-block-list\">\n<li><strong>Gobernador y vicegobernador<\/strong><\/li>\n\n\n\n<li><strong>5 senadores provinciales<\/strong><\/li>\n\n\n\n<li><strong>15 diputados provinciales<\/strong>\u00a0(de un total de 30)<\/li>\n\n\n\n<li>En\u00a0<strong>74 municipios adheridos<\/strong>, tambi\u00e9n se renovar\u00e1n:\n<ul class=\"wp-block-list\">\n<li><strong>Intendentes<\/strong><\/li>\n\n\n\n<li><strong>Concejales<\/strong><\/li>\n<\/ul>\n<\/li>\n<\/ul>\n\n\n\n<p>Esta instancia forma parte del cronograma establecido en el&nbsp;<strong>art\u00edculo 29 del C\u00f3digo Electoral Provincial<\/strong>, que establece los plazos para la publicaci\u00f3n del padr\u00f3n definitivo.<\/p>\n\n\n\n<p>Cabe recordar que el padr\u00f3n provisorio estuvo habilitado desde junio, permitiendo la presentaci\u00f3n de reclamos por errores u omisiones en los datos personales. Ahora, con la versi\u00f3n definitiva publicada, los ciudadanos deben verificar sus datos y prepararse para ejercer su derecho al voto el pr\u00f3ximo domingo 31 de agosto.<\/p>\n","protected":false},"excerpt":{"rendered":"<p>La Junta Electoral Provincial inform\u00f3&nbsp;que ya est\u00e1 habilitado la consulta online del padr\u00f3n definitivo&nbsp;para las elecciones del&nbsp;domingo 31 de agosto, donde los correntinos elegir\u00e1n nuevas autoridades provinciales y municipales. Los&hellip; <\/p>\n","protected":false},"author":1,"featured_media":206830,"comment_status":"closed","ping_status":"open","sticky":false,"template":"","format":"standard","meta":{"footnotes":""},"categories":[22],"tags":[],"class_list":["post-224529","post","type-post","status-publish","format-standard","has-post-thumbnail","hentry","category-eventos"],"_links":{"self":[{"href":"https:\/\/corrientesdetarde.com\/index.php\/wp-json\/wp\/v2\/posts\/224529","targetHints":{"allow":["GET"]}}],"collection":[{"href":"https:\/\/corrientesdetarde.com\/index.php\/wp-json\/wp\/v2\/posts"}],"about":[{"href":"https:\/\/corrientesdetarde.com\/index.php\/wp-json\/wp\/v2\/types\/post"}],"author":[{"embeddable":true,"href":"https:\/\/corrientesdetarde.com\/index.php\/wp-json\/wp\/v2\/users\/1"}],"replies":[{"embeddable":true,"href":"https:\/\/corrientesdetarde.com\/index.php\/wp-json\/wp\/v2\/comments?post=224529"}],"version-history":[{"count":1,"href":"https:\/\/corrientesdetarde.com\/index.php\/wp-json\/wp\/v2\/posts\/224529\/revisions"}],"predecessor-version":[{"id":224537,"href":"https:\/\/corrientesdetarde.com\/index.php\/wp-json\/wp\/v2\/posts\/224529\/revisions\/224537"}],"wp:featuredmedia":[{"embeddable":true,"href":"https:\/\/corrientesdetarde.com\/index.php\/wp-json\/wp\/v2\/media\/206830"}],"wp:attachment":[{"href":"https:\/\/corrientesdetarde.com\/index.php\/wp-json\/wp\/v2\/media?parent=224529"}],"wp:term":[{"taxonomy":"category","embeddable":true,"href":"https:\/\/corrientesdetarde.com\/index.php\/wp-json\/wp\/v2\/categories?post=224529"},{"taxonomy":"post_tag","embeddable":true,"href":"https:\/\/corrientesdetarde.com\/index.php\/wp-json\/wp\/v2\/tags?post=224529"}],"curies":[{"name":"wp","href":"https:\/\/api.w.org\/{rel}","templated":true}]}}