{"id":22454,"date":"2022-11-24T12:41:52","date_gmt":"2022-11-24T15:41:52","guid":{"rendered":"https:\/\/corrientesdetarde.com\/?p=22454"},"modified":"2022-11-24T12:41:56","modified_gmt":"2022-11-24T15:41:56","slug":"murales-en-accesos-a-los-cementerios-correntinos","status":"publish","type":"post","link":"https:\/\/corrientesdetarde.com\/index.php\/cultura\/murales-en-accesos-a-los-cementerios-correntinos\/","title":{"rendered":"Murales en accesos a los cementerios correntinos"},"content":{"rendered":"\n<p>El segundo acceso al cementerio San Juan Bautista de Corrientes cuenta desde ayer con un nuevo mural. Se trata de una obra de 60 por 6 metros, titulada \u201cLa \u00faltima cena\u201d y fue realizada por los artistas Marcos Kura y Edid Mart\u00ednez, de la Direcci\u00f3n de Cultura de la capital provincial. &nbsp;Hoy se retomar\u00e1n en el lugar los trabajos para la creaci\u00f3n de un nuevo pa\u00f1o: \u201cSagrada Familia\u201d.&nbsp;<\/p>\n\n\n\n<p>\u201cPara este mural se trabaj\u00f3 en varios tramos\u201d, dijo Kura y explic\u00f3 que, de esta manera, se logr\u00f3 optimizar la composici\u00f3n y darle car\u00e1cter a cada personaje.&nbsp;<\/p>\n\n\n\n<p>La obra que viste con otra perspectiva el segundo ingreso al cementerio fue finalizada ayer y el trabajo cont\u00f3 con el acompa\u00f1amiento de la Direcci\u00f3n de Cultura municipal de Corrientes y la Direcci\u00f3n de Defunciones.&nbsp;<\/p>\n\n\n\n<p>Vale remarcar que este es el cuarto mural que se realiza en la zona de ingresos de los cementerios de Corrientes.&nbsp;<\/p>\n\n\n\n<p>Se hicieron dos en el Cementerio San Isidro (Laguna Brava) y ahora el San Juan Bautista cuenta con murales en sus dos accesos.&nbsp;<\/p>\n","protected":false},"excerpt":{"rendered":"<p>El segundo acceso al cementerio San Juan Bautista de Corrientes cuenta desde ayer con un nuevo mural. Se trata de una obra de 60 por 6 metros, titulada \u201cLa \u00faltima&hellip; <\/p>\n","protected":false},"author":4,"featured_media":22455,"comment_status":"closed","ping_status":"open","sticky":false,"template":"","format":"standard","meta":{"footnotes":""},"categories":[15],"tags":[],"class_list":["post-22454","post","type-post","status-publish","format-standard","has-post-thumbnail","hentry","category-cultura"],"_links":{"self":[{"href":"https:\/\/corrientesdetarde.com\/index.php\/wp-json\/wp\/v2\/posts\/22454","targetHints":{"allow":["GET"]}}],"collection":[{"href":"https:\/\/corrientesdetarde.com\/index.php\/wp-json\/wp\/v2\/posts"}],"about":[{"href":"https:\/\/corrientesdetarde.com\/index.php\/wp-json\/wp\/v2\/types\/post"}],"author":[{"embeddable":true,"href":"https:\/\/corrientesdetarde.com\/index.php\/wp-json\/wp\/v2\/users\/4"}],"replies":[{"embeddable":true,"href":"https:\/\/corrientesdetarde.com\/index.php\/wp-json\/wp\/v2\/comments?post=22454"}],"version-history":[{"count":1,"href":"https:\/\/corrientesdetarde.com\/index.php\/wp-json\/wp\/v2\/posts\/22454\/revisions"}],"predecessor-version":[{"id":22456,"href":"https:\/\/corrientesdetarde.com\/index.php\/wp-json\/wp\/v2\/posts\/22454\/revisions\/22456"}],"wp:featuredmedia":[{"embeddable":true,"href":"https:\/\/corrientesdetarde.com\/index.php\/wp-json\/wp\/v2\/media\/22455"}],"wp:attachment":[{"href":"https:\/\/corrientesdetarde.com\/index.php\/wp-json\/wp\/v2\/media?parent=22454"}],"wp:term":[{"taxonomy":"category","embeddable":true,"href":"https:\/\/corrientesdetarde.com\/index.php\/wp-json\/wp\/v2\/categories?post=22454"},{"taxonomy":"post_tag","embeddable":true,"href":"https:\/\/corrientesdetarde.com\/index.php\/wp-json\/wp\/v2\/tags?post=22454"}],"curies":[{"name":"wp","href":"https:\/\/api.w.org\/{rel}","templated":true}]}}