{"id":224540,"date":"2025-08-28T11:01:33","date_gmt":"2025-08-28T14:01:33","guid":{"rendered":"https:\/\/corrientesdetarde.com\/?p=224540"},"modified":"2025-08-28T11:01:44","modified_gmt":"2025-08-28T14:01:44","slug":"incluir-futuro-la-totalidad-de-los-estudiantes-de-curuzu-cuatia-cuenta-con-netbooks","status":"publish","type":"post","link":"https:\/\/corrientesdetarde.com\/index.php\/sociales\/incluir-futuro-la-totalidad-de-los-estudiantes-de-curuzu-cuatia-cuenta-con-netbooks\/","title":{"rendered":"Incluir Futuro: La totalidad de los estudiantes de Curuz\u00fa Cuati\u00e1 cuenta con netbooks"},"content":{"rendered":"\n<p>El Gobierno de Corrientes a trav\u00e9s del Ministerio de Educaci\u00f3n entreg\u00f3 el martes \u00faltimo,\u00a0equipos del programa Incluir Futuro a estudiantes de Curuz\u00fa Cuati\u00e1 alcanzando as\u00ed a \u00a0la totalidad de la matr\u00edcula de secundaria de la localidad. En la oportunidad, la ministra de Educaci\u00f3n Pr\u00e1xedes L\u00f3pez llam\u00f3 a los docentes a trabajar fuertemente en la transformaci\u00f3n del sistema educativo.<\/p>\n\n\n\n<p><\/p>\n\n\n\n<p>Incluir Futuro es un programa pensado y dise\u00f1ado por el gobernador Gustavo Vald\u00e9s con la intenci\u00f3n de que todos los alumnos del secundario reciban sus netbooks. Por ello, durante la jornada del martes la ministra de Educaci\u00f3n Pr\u00e1xedes L\u00f3pez y parte de su gabinete estuvieron en el Club San Mart\u00edn de Curuz\u00fa Cuati\u00e1 donde se entregaron casi 900 equipos destinados a estudiantes de la ciudad y zonas cercanas, alcanzando as\u00ed, con el programa a la totalidad de los alumnos secundarios.<\/p>\n\n\n\n<p>\u201cTraigo el saludo del Gobernador que por agenda no pudo estar, pero nos encomend\u00f3 cumplir con los estudiantes de Curuz\u00fa Cuatia\u201d, dijo la Ministra y confirm\u00f3 que con esta entrega, el 100 por ciento de los alumnos de la localidad cuentan con una computadora. \u201cEste programa provincial comenz\u00f3 porque el Gobernador lo decidi\u00f3 as\u00ed, es \u00fanico en el pa\u00eds. Nosotros creemos que sin educaci\u00f3n es imposible un buen futuro, por eso este programa se llama incluir futuro\u201d, manifest\u00f3 y continu\u00f3: \u201cNos queda un gran trabajo para construir ese futuro que queremos. El Gobernador incansablemente piensa en ustedes, venimos inaugurando escuelas en toda la provincia, entregando computadoras, inaugurando jardines, as\u00ed que yo les pido queridos docentes, que ustedes hagan propia esta causa porque son la herramienta fundamental para transformar la educaci\u00f3n, ninguna transformaci\u00f3n es posible sin ustedes, y nosotros vamos a seguir acompa\u00f1ando con formaci\u00f3n docente continua\u201d.<\/p>\n\n\n\n<p>A su turno, el vice intendente de la localidad, Guillermo Morandini agradeci\u00f3 la presencia del Gobierno y consider\u00f3: \u201cHoy es un d\u00eda muy importante porque los estudiantes est\u00e1n accediendo gracias a la gesti\u00f3n del gobernador Gustavo Vald\u00e9s, a un herramienta para trabajar en su futuro\u201d y continu\u00f3: \u201cEl Gobierno apuesta a la educaci\u00f3n y hoy podr\u00eda decirse que los alumnos correntinos son unos privilegiados, porque no todos los estudiantes del pa\u00eds tienen esta posibilidad.<\/p>\n","protected":false},"excerpt":{"rendered":"<p>El Gobierno de Corrientes a trav\u00e9s del Ministerio de Educaci\u00f3n entreg\u00f3 el martes \u00faltimo,\u00a0equipos del programa Incluir Futuro a estudiantes de Curuz\u00fa Cuati\u00e1 alcanzando as\u00ed a \u00a0la totalidad de la&hellip; <\/p>\n","protected":false},"author":1,"featured_media":224545,"comment_status":"closed","ping_status":"open","sticky":false,"template":"","format":"standard","meta":{"footnotes":""},"categories":[17],"tags":[],"class_list":["post-224540","post","type-post","status-publish","format-standard","has-post-thumbnail","hentry","category-sociales"],"_links":{"self":[{"href":"https:\/\/corrientesdetarde.com\/index.php\/wp-json\/wp\/v2\/posts\/224540","targetHints":{"allow":["GET"]}}],"collection":[{"href":"https:\/\/corrientesdetarde.com\/index.php\/wp-json\/wp\/v2\/posts"}],"about":[{"href":"https:\/\/corrientesdetarde.com\/index.php\/wp-json\/wp\/v2\/types\/post"}],"author":[{"embeddable":true,"href":"https:\/\/corrientesdetarde.com\/index.php\/wp-json\/wp\/v2\/users\/1"}],"replies":[{"embeddable":true,"href":"https:\/\/corrientesdetarde.com\/index.php\/wp-json\/wp\/v2\/comments?post=224540"}],"version-history":[{"count":1,"href":"https:\/\/corrientesdetarde.com\/index.php\/wp-json\/wp\/v2\/posts\/224540\/revisions"}],"predecessor-version":[{"id":224546,"href":"https:\/\/corrientesdetarde.com\/index.php\/wp-json\/wp\/v2\/posts\/224540\/revisions\/224546"}],"wp:featuredmedia":[{"embeddable":true,"href":"https:\/\/corrientesdetarde.com\/index.php\/wp-json\/wp\/v2\/media\/224545"}],"wp:attachment":[{"href":"https:\/\/corrientesdetarde.com\/index.php\/wp-json\/wp\/v2\/media?parent=224540"}],"wp:term":[{"taxonomy":"category","embeddable":true,"href":"https:\/\/corrientesdetarde.com\/index.php\/wp-json\/wp\/v2\/categories?post=224540"},{"taxonomy":"post_tag","embeddable":true,"href":"https:\/\/corrientesdetarde.com\/index.php\/wp-json\/wp\/v2\/tags?post=224540"}],"curies":[{"name":"wp","href":"https:\/\/api.w.org\/{rel}","templated":true}]}}