{"id":224548,"date":"2025-08-28T12:16:14","date_gmt":"2025-08-28T15:16:14","guid":{"rendered":"https:\/\/corrientesdetarde.com\/?p=224548"},"modified":"2025-08-28T12:16:23","modified_gmt":"2025-08-28T15:16:23","slug":"elecciones-provinciales-el-domingo-los-colectivosseran-gratuitos-para-ir-a-votar","status":"publish","type":"post","link":"https:\/\/corrientesdetarde.com\/index.php\/informacion-general\/elecciones-provinciales-el-domingo-los-colectivosseran-gratuitos-para-ir-a-votar\/","title":{"rendered":"Elecciones provinciales: el domingo los colectivos ser\u00e1n gratuitos para ir a votar"},"content":{"rendered":"\n<p><em>La Municipalidad de Corrientes ofrecer\u00e1 el servicio de transporte urbano de pasajeros para que los vecinos puedan trasladarse a los lugares de votaci\u00f3n. El mismo funcionar\u00e1 de 7 a 19, en todas las l\u00edneas de las empresas prestatarias en la ciudad.<\/em><\/p>\n\n\n\n<p><\/p>\n\n\n\n<p>La Municipalidad de Corrientes informa que este domingo 31 de agosto el boleto del transporte urbano de pasajeros en el \u00e1mbito de la ciudad ser\u00e1 gratuito, en el horario de 7 a 19, para que los vecinos puedan cumplir con su deber c\u00edvico.<br><br>La decisi\u00f3n tiene por objetivo facilitar el traslado de los electores a los diferentes lugares de votaci\u00f3n con motivo de las elecciones provinciales.<br><br>Desde la Secretar\u00eda de Movilidad y Seguridad Ciudadana indicaron que los colectivos estar\u00e1n disponibles de forma gratuita en el horario de votaci\u00f3n, en todas las empresas prestatarias del servicio en el \u00e1mbito de la ciudad de Corrientes, y abarca a sus diferentes ramales.<br><br>Cabe recordar que este domingo en Corrientes se elegir\u00e1 gobernador, vicegobernador, intendente, viceintendente, diputados, senadores y concejales.\u00a0<\/p>\n\n\n<div class=\"wp-block-image\">\n<figure class=\"aligncenter size-full is-resized\"><img loading=\"lazy\" decoding=\"async\" width=\"585\" height=\"745\" src=\"https:\/\/corrientesdetarde.com\/wp-content\/uploads\/2025\/08\/image-1135.png\" alt=\"\" class=\"wp-image-224553\" style=\"width:585px;height:auto\" srcset=\"https:\/\/corrientesdetarde.com\/wp-content\/uploads\/2025\/08\/image-1135.png 585w, https:\/\/corrientesdetarde.com\/wp-content\/uploads\/2025\/08\/image-1135-236x300.png 236w\" sizes=\"auto, (max-width: 585px) 100vw, 585px\" \/><\/figure>\n<\/div>","protected":false},"excerpt":{"rendered":"<p>La Municipalidad de Corrientes ofrecer\u00e1 el servicio de transporte urbano de pasajeros para que los vecinos puedan trasladarse a los lugares de votaci\u00f3n. El mismo funcionar\u00e1 de 7 a 19,&hellip; <\/p>\n","protected":false},"author":1,"featured_media":224554,"comment_status":"closed","ping_status":"open","sticky":false,"template":"","format":"standard","meta":{"footnotes":""},"categories":[1],"tags":[],"class_list":["post-224548","post","type-post","status-publish","format-standard","has-post-thumbnail","hentry","category-informacion-general"],"_links":{"self":[{"href":"https:\/\/corrientesdetarde.com\/index.php\/wp-json\/wp\/v2\/posts\/224548","targetHints":{"allow":["GET"]}}],"collection":[{"href":"https:\/\/corrientesdetarde.com\/index.php\/wp-json\/wp\/v2\/posts"}],"about":[{"href":"https:\/\/corrientesdetarde.com\/index.php\/wp-json\/wp\/v2\/types\/post"}],"author":[{"embeddable":true,"href":"https:\/\/corrientesdetarde.com\/index.php\/wp-json\/wp\/v2\/users\/1"}],"replies":[{"embeddable":true,"href":"https:\/\/corrientesdetarde.com\/index.php\/wp-json\/wp\/v2\/comments?post=224548"}],"version-history":[{"count":2,"href":"https:\/\/corrientesdetarde.com\/index.php\/wp-json\/wp\/v2\/posts\/224548\/revisions"}],"predecessor-version":[{"id":224556,"href":"https:\/\/corrientesdetarde.com\/index.php\/wp-json\/wp\/v2\/posts\/224548\/revisions\/224556"}],"wp:featuredmedia":[{"embeddable":true,"href":"https:\/\/corrientesdetarde.com\/index.php\/wp-json\/wp\/v2\/media\/224554"}],"wp:attachment":[{"href":"https:\/\/corrientesdetarde.com\/index.php\/wp-json\/wp\/v2\/media?parent=224548"}],"wp:term":[{"taxonomy":"category","embeddable":true,"href":"https:\/\/corrientesdetarde.com\/index.php\/wp-json\/wp\/v2\/categories?post=224548"},{"taxonomy":"post_tag","embeddable":true,"href":"https:\/\/corrientesdetarde.com\/index.php\/wp-json\/wp\/v2\/tags?post=224548"}],"curies":[{"name":"wp","href":"https:\/\/api.w.org\/{rel}","templated":true}]}}