{"id":224563,"date":"2025-08-28T13:03:17","date_gmt":"2025-08-28T16:03:17","guid":{"rendered":"https:\/\/corrientesdetarde.com\/?p=224563"},"modified":"2025-08-28T13:03:30","modified_gmt":"2025-08-28T16:03:30","slug":"tassano-recibio-a-miembros-de-coral-energia-empresa-que-instalara-su-planta-en-el-parque-industrial","status":"publish","type":"post","link":"https:\/\/corrientesdetarde.com\/index.php\/actualidad\/tassano-recibio-a-miembros-de-coral-energia-empresa-que-instalara-su-planta-en-el-parque-industrial\/","title":{"rendered":"Tassano recibi\u00f3 a miembros de Coral Energ\u00eda, empresa que instalar\u00e1 su planta en el Parque Industrial"},"content":{"rendered":"\n<p><em>\u201cPoder contar con nuevas energ\u00edas es un gran paso en la ciudad y la provincia\u201d, expres\u00f3 el intendente tras el encuentro que mantuvo con los referentes de la firma energ\u00e9tica que a partir de septiembre comenzar\u00e1 a construir su planta fotovoltaica en el predio de Santa Catalina.<\/em> <\/p>\n\n\n\n<p>Para estrechar v\u00ednculos en materia productiva y de desarrollo local, el intendente Eduardo Tassano recibi\u00f3 este jueves a una comitiva de la empresa Coral Energ\u00eda, para ultimar detalles de cara a su radicaci\u00f3n en el Parque Industrial y Tecnol\u00f3gico de Santa Catalina, y a la vez, se puso en vidriera las potencialidades y desarrollo productivo de Corrientes. La inversi\u00f3n estimada es de m\u00e1s de 15 millones de d\u00f3lares y estar\u00e1 a pleno en un a\u00f1o o un a\u00f1o y medio.<br>La reuni\u00f3n se llev\u00f3 a cabo en el Palacio Municipal donde el intendente, junto con el secretario de Desarrollo Econ\u00f3mico, Francisco Ingaramo, dialogaron con representantes de Coral Energ\u00eda y mostraron su inter\u00e9s en consolidar v\u00ednculos. Tambi\u00e9n asistieron Juan Pablo Basso y Francisco Ram\u00edrez Casta\u00f1eda.<br>Por parte de la empresa, la comitiva estuvo encabezada por Jos\u00e9 Manuel Tobio, gerente de Proyectos de Energ\u00edas Renovables, acompa\u00f1ado por Nicol\u00e1s Lamponi.<br>Coral Energ\u00eda es una empresa que se encuentra enfocada al desarrollo de proyectos de energ\u00eda renovable y permitir\u00e1 la diversificaci\u00f3n de la matriz energ\u00e9tica nacional y la transici\u00f3n hacia fuentes de energ\u00eda m\u00e1s limpias, sostenibles y eficientes.<br>Este marco, Corrientes se encuentra entre una de las cuatro provincias argentinas donde la empresa radicar\u00e1 sus funciones en pos de acelerar las expansiones de energ\u00edas renovables en el pa\u00eds.<br>\u00a0<br>APUESTA AL FUTURO<br>Tras el encuentro, el intendente se\u00f1al\u00f3 que \u201cmantuvimos un buen di\u00e1logo para ultimar detalles sobre la instalaci\u00f3n de la empresa\u201d donde \u201cvemos que poder contar con nuevas energ\u00edas es un gran paso en la provincia\u201d.<br>Asimismo, el jefe comunal destac\u00f3 que \u201cestas acciones nos permitir\u00e1n tener nueva generaci\u00f3n limpia de energ\u00eda con un cambio conceptual\u201d y por ello, \u201cestamos satisfecho con esta concreci\u00f3n\u201d, subray\u00f3.<br>\u00a0<br>PUESTOS DE TRABAJO<br>Por su parte, el secretario de Desarrollo Econ\u00f3mico, Francisco Ingaramo expres\u00f3 que \u201cla empresa est\u00e1 en una etapa avanzada donde desde la gesti\u00f3n estamos brind\u00e1ndole las herramientas para su instalaci\u00f3n\u201d y remarc\u00f3 que la radicaci\u00f3n le brindar\u00e1 a la ciudad nueva generaci\u00f3n de puestos de trabajos.<br>\u00a0<br>REFERENTE DE LA EMPRESA<br>Finalmente, Jos\u00e9 Manuel Tobio, gerente de Proyectos de Energ\u00edas Renovables indic\u00f3 que \u201clos trabajos empezar\u00e1n en septiembre y estamos contentos de comenzar a trabajar en Corrientes\u201d porque \u201cvemos que traeremos beneficios para optimizar las econom\u00edas regionales\u201d, sostuvo.<br>Adem\u00e1s, destac\u00f3 el compromiso de la gesti\u00f3n municipal por hacer posible la construcci\u00f3n de v\u00ednculos que permitan la concreci\u00f3n de la radicaci\u00f3n.<\/p>\n\n\n\n<figure class=\"wp-block-image size-large\"><img loading=\"lazy\" decoding=\"async\" width=\"1024\" height=\"768\" src=\"https:\/\/corrientesdetarde.com\/wp-content\/uploads\/2025\/08\/image-1143-1024x768.png\" alt=\"\" class=\"wp-image-224566\" srcset=\"https:\/\/corrientesdetarde.com\/wp-content\/uploads\/2025\/08\/image-1143-1024x768.png 1024w, https:\/\/corrientesdetarde.com\/wp-content\/uploads\/2025\/08\/image-1143-300x225.png 300w, https:\/\/corrientesdetarde.com\/wp-content\/uploads\/2025\/08\/image-1143-768x576.png 768w, https:\/\/corrientesdetarde.com\/wp-content\/uploads\/2025\/08\/image-1143.png 1280w\" sizes=\"auto, (max-width: 1024px) 100vw, 1024px\" \/><\/figure>\n","protected":false},"excerpt":{"rendered":"<p>\u201cPoder contar con nuevas energ\u00edas es un gran paso en la ciudad y la provincia\u201d, expres\u00f3 el intendente tras el encuentro que mantuvo con los referentes de la firma energ\u00e9tica&hellip; <\/p>\n","protected":false},"author":8,"featured_media":224564,"comment_status":"closed","ping_status":"open","sticky":false,"template":"","format":"standard","meta":{"footnotes":""},"categories":[23],"tags":[],"class_list":["post-224563","post","type-post","status-publish","format-standard","has-post-thumbnail","hentry","category-actualidad"],"_links":{"self":[{"href":"https:\/\/corrientesdetarde.com\/index.php\/wp-json\/wp\/v2\/posts\/224563","targetHints":{"allow":["GET"]}}],"collection":[{"href":"https:\/\/corrientesdetarde.com\/index.php\/wp-json\/wp\/v2\/posts"}],"about":[{"href":"https:\/\/corrientesdetarde.com\/index.php\/wp-json\/wp\/v2\/types\/post"}],"author":[{"embeddable":true,"href":"https:\/\/corrientesdetarde.com\/index.php\/wp-json\/wp\/v2\/users\/8"}],"replies":[{"embeddable":true,"href":"https:\/\/corrientesdetarde.com\/index.php\/wp-json\/wp\/v2\/comments?post=224563"}],"version-history":[{"count":1,"href":"https:\/\/corrientesdetarde.com\/index.php\/wp-json\/wp\/v2\/posts\/224563\/revisions"}],"predecessor-version":[{"id":224567,"href":"https:\/\/corrientesdetarde.com\/index.php\/wp-json\/wp\/v2\/posts\/224563\/revisions\/224567"}],"wp:featuredmedia":[{"embeddable":true,"href":"https:\/\/corrientesdetarde.com\/index.php\/wp-json\/wp\/v2\/media\/224564"}],"wp:attachment":[{"href":"https:\/\/corrientesdetarde.com\/index.php\/wp-json\/wp\/v2\/media?parent=224563"}],"wp:term":[{"taxonomy":"category","embeddable":true,"href":"https:\/\/corrientesdetarde.com\/index.php\/wp-json\/wp\/v2\/categories?post=224563"},{"taxonomy":"post_tag","embeddable":true,"href":"https:\/\/corrientesdetarde.com\/index.php\/wp-json\/wp\/v2\/tags?post=224563"}],"curies":[{"name":"wp","href":"https:\/\/api.w.org\/{rel}","templated":true}]}}