{"id":224677,"date":"2025-08-28T21:01:15","date_gmt":"2025-08-29T00:01:15","guid":{"rendered":"https:\/\/corrientesdetarde.com\/?p=224677"},"modified":"2025-08-28T21:01:19","modified_gmt":"2025-08-29T00:01:19","slug":"en-septiembre-los-de-imaguare-celebran-48-anos-de-trayectoria-en-el-teatro-juan-de-vera","status":"publish","type":"post","link":"https:\/\/corrientesdetarde.com\/index.php\/espectaculos\/en-septiembre-los-de-imaguare-celebran-48-anos-de-trayectoria-en-el-teatro-juan-de-vera\/","title":{"rendered":"En septiembre Los de Imaguar\u00e9 celebran 48 a\u00f1os de trayectoria en el Teatro Juan de Vera"},"content":{"rendered":"\n<p>El viernes 19 de septiembre, en el marco del D\u00eda Nacional del Chamam\u00e9, el ic\u00f3nico grupo llega al Teatro Oficial Juan de Vera para vivir una noche llena de m\u00fasica y danza con Jorge Rojas como invitado especial. Las entradas ya est\u00e1n a la venta en&nbsp;<a href=\"https:\/\/4ue34.r.sp1-brevo.net\/mk\/cl\/f\/sh\/6rqJfgq8dINmNvd2HB7mP7OK8Ju\/-xCAIRynQiqu\" target=\"_blank\" rel=\"noreferrer noopener\">weepas.ar<\/a>&nbsp;y en boleter\u00eda del teatro, San Juan 637.<\/p>\n\n\n\n<p>Una noche a puro chamam\u00e9, con una propuesta que incluye las nuevas canciones y todos los cl\u00e1sicos que componen su extenso repertorio presentar\u00e1n Los de Imaguar\u00e9 el viernes 19 de septiembre desde las 21 hs en el Teatro Oficial Juan de Vera para festejar junto al p\u00fablico 48 a\u00f1os en el camino de la m\u00fasica y la cultura de Corrientes, con Jorge Rojas como invitado especial.<\/p>\n\n\n\n<p>En 2025, luego de grandes presentaciones en los festivales y escenarios m\u00e1s importantes de la regi\u00f3n, Los de Imaguar\u00e9 emprenden la \u201cGira 48 a\u00f1os\u201d que los llevar\u00e1 a recorrer las provincias de Formosa, Misiones, Chaco, Corrientes, Entre R\u00edos, Santa Fe y Buenos Aires.<\/p>\n\n\n\n<p>Durante 2023 y parte de 2024, Los de Imaguar\u00e9 estuvieron abocados a la grabaci\u00f3n del \u00faltimo material discogr\u00e1fico \u201cViva el Chamam\u00e9\u201d, que con nuevas versiones de temas que forman parte del coraz\u00f3n de la gente remite a la historia del grupo.&nbsp; El disco \u201cViva el Chamam\u00e9\u201d, que re\u00fane 12 canciones, hace un recorrido por la historia de Los de Imaguar\u00e9, manteniendo el ritmo y la esencia de la naci\u00f3n chamamecera, un estilo que trasciende fronteras.<\/p>\n\n\n\n<p><strong>Historia<\/strong><\/p>\n\n\n\n<p>Los de Imaguar\u00e9 nacieron art\u00edsticamente el 5 de julio de 1977 en la ciudad de Mercedes, Corrientes, en un contexto de gran efervescencia pol\u00edtica e intelectual en Argentina. Julio C\u00e1ceres, Joaqu\u00edn Sheridan y el Padre Juli\u00e1n Zini eligieron este nombre como un s\u00edmbolo de su b\u00fasqueda por capturar la esencia del chamam\u00e9.<\/p>\n\n\n\n<p>El nombre del grupo, proviene del guaran\u00ed &#8220;Ymaguare&#8221;, que significa &#8220;de antes&#8221;, haciendo alusi\u00f3n a la memoria y a la preservaci\u00f3n de los valores ancestrales.<\/p>\n\n\n\n<p>Desde sus inicios, la labor de Los de Imaguar\u00e9 se fundament\u00f3 en la obra po\u00e9tica del Padre Juli\u00e1n Zini. Con el tiempo, incorporaron las composiciones de diversos poetas de la regi\u00f3n y la provincia, como Ram\u00f3n Ayala, Linares Cardozo, Jos\u00e9 Pedroni, Roberto Romani, Franklin R\u00faveda, Osvaldo Sosa Cordero y Rom\u00e1n Vallejos, entre otros.<\/p>\n\n\n\n<p>Actualmente Los de Imaguar\u00e9 est\u00e1n conformados por Julio C\u00e1ceres en voz y direcci\u00f3n general, Nicol\u00e1s C\u00e1ceres en voz y producci\u00f3n art\u00edstica, Federico C\u00e1ceres en recitado, Juan Carlos Mora en piano, Sergio Carballo en guitarra, Juan Manuel Vel\u00e1zquez en acorde\u00f3n, Patricio Hermosilla en guitarra y direcci\u00f3n musical, Pablo Balbuena en bajo y Genaro Escalante en guitarra.<\/p>\n\n\n\n<p><strong>Entradas<\/strong><\/p>\n\n\n\n<p>La cita en el Teatro Juan de Vera ser\u00e1 el viernes 19 de septiembre desde las 21 hs. y las entradas se pueden adquirir en&nbsp;<a href=\"https:\/\/4ue34.r.sp1-brevo.net\/mk\/cl\/f\/sh\/6rqJfgq8dIPRQNvBlUXKKiWFlcw\/Qdeue4u1NcZW\" target=\"_blank\" rel=\"noreferrer noopener\">weepas.ar<\/a>&nbsp;a partir de $21.200 o bien en boleter\u00eda del teatro, San Juan 637, de lunes a s\u00e1bados de 9 a 13 hs y de 17 a 21 hs. Para clientes del BanCo con tarjetas de cr\u00e9dito Visa, las mismas tienen un 20% de descuento, $20.000 de tope de reintegro y en hasta 3 cuotas sin inter\u00e9s<\/p>\n","protected":false},"excerpt":{"rendered":"<p>El viernes 19 de septiembre, en el marco del D\u00eda Nacional del Chamam\u00e9, el ic\u00f3nico grupo llega al Teatro Oficial Juan de Vera para vivir una noche llena de m\u00fasica&hellip; <\/p>\n","protected":false},"author":4,"featured_media":224678,"comment_status":"closed","ping_status":"open","sticky":false,"template":"","format":"standard","meta":{"footnotes":""},"categories":[19],"tags":[],"class_list":["post-224677","post","type-post","status-publish","format-standard","has-post-thumbnail","hentry","category-espectaculos"],"_links":{"self":[{"href":"https:\/\/corrientesdetarde.com\/index.php\/wp-json\/wp\/v2\/posts\/224677","targetHints":{"allow":["GET"]}}],"collection":[{"href":"https:\/\/corrientesdetarde.com\/index.php\/wp-json\/wp\/v2\/posts"}],"about":[{"href":"https:\/\/corrientesdetarde.com\/index.php\/wp-json\/wp\/v2\/types\/post"}],"author":[{"embeddable":true,"href":"https:\/\/corrientesdetarde.com\/index.php\/wp-json\/wp\/v2\/users\/4"}],"replies":[{"embeddable":true,"href":"https:\/\/corrientesdetarde.com\/index.php\/wp-json\/wp\/v2\/comments?post=224677"}],"version-history":[{"count":1,"href":"https:\/\/corrientesdetarde.com\/index.php\/wp-json\/wp\/v2\/posts\/224677\/revisions"}],"predecessor-version":[{"id":224679,"href":"https:\/\/corrientesdetarde.com\/index.php\/wp-json\/wp\/v2\/posts\/224677\/revisions\/224679"}],"wp:featuredmedia":[{"embeddable":true,"href":"https:\/\/corrientesdetarde.com\/index.php\/wp-json\/wp\/v2\/media\/224678"}],"wp:attachment":[{"href":"https:\/\/corrientesdetarde.com\/index.php\/wp-json\/wp\/v2\/media?parent=224677"}],"wp:term":[{"taxonomy":"category","embeddable":true,"href":"https:\/\/corrientesdetarde.com\/index.php\/wp-json\/wp\/v2\/categories?post=224677"},{"taxonomy":"post_tag","embeddable":true,"href":"https:\/\/corrientesdetarde.com\/index.php\/wp-json\/wp\/v2\/tags?post=224677"}],"curies":[{"name":"wp","href":"https:\/\/api.w.org\/{rel}","templated":true}]}}