{"id":224680,"date":"2025-08-28T21:02:28","date_gmt":"2025-08-29T00:02:28","guid":{"rendered":"https:\/\/corrientesdetarde.com\/?p=224680"},"modified":"2025-08-28T21:02:59","modified_gmt":"2025-08-29T00:02:59","slug":"se-entregaron-mas-de-800-notebooks-del-programa-incluir-futuro-a-alumnos-de-capital","status":"publish","type":"post","link":"https:\/\/corrientesdetarde.com\/index.php\/actualidad\/se-entregaron-mas-de-800-notebooks-del-programa-incluir-futuro-a-alumnos-de-capital\/","title":{"rendered":"Se entregaron m\u00e1s de 800 notebooks del programa Incluir Futuro a alumnos de Capital"},"content":{"rendered":"\n<p>Este jueves, la ministra de Educaci\u00f3n, Pr\u00e1xedes L\u00f3pez, visit\u00f3 el Centro de Educaci\u00f3n F\u00edsica N.\u00ba 1 de la ciudad de Corrientes para realizar la entrega de computadoras en el marco del programa Incluir Futuro. En la ocasi\u00f3n, la titular de la cartera educativa provincial transmiti\u00f3 el saludo del gobernador Gustavo Vald\u00e9s, quien no pudo asistir por razones de agenda.<\/p>\n\n\n\n<p>Seguidamente, la ministra expres\u00f3 su agradecimiento a los directivos de las instituciones, a los docentes, a los preceptores y al equipo de la Direcci\u00f3n de Educaci\u00f3n F\u00edsica, destacando el esfuerzo colectivo que permite concretar cada instancia del programa.<\/p>\n\n\n\n<figure class=\"wp-block-image size-large\"><img loading=\"lazy\" decoding=\"async\" width=\"1024\" height=\"677\" src=\"https:\/\/corrientesdetarde.com\/wp-content\/uploads\/2025\/08\/image-1189-1024x677.png\" alt=\"\" class=\"wp-image-224681\" srcset=\"https:\/\/corrientesdetarde.com\/wp-content\/uploads\/2025\/08\/image-1189-1024x677.png 1024w, https:\/\/corrientesdetarde.com\/wp-content\/uploads\/2025\/08\/image-1189-300x198.png 300w, https:\/\/corrientesdetarde.com\/wp-content\/uploads\/2025\/08\/image-1189-768x508.png 768w, https:\/\/corrientesdetarde.com\/wp-content\/uploads\/2025\/08\/image-1189.png 1260w\" sizes=\"auto, (max-width: 1024px) 100vw, 1024px\" \/><\/figure>\n\n\n\n<p>En ese contexto, se\u00f1al\u00f3 que no solo se entregaron computadoras a estudiantes que inician la escuela secundaria, sino que tambi\u00e9n se cumpli\u00f3 con la entrega para quienes egresan del s\u00e9ptimo a\u00f1o de ambas escuelas t\u00e9cnicas, quienes hab\u00edan quedado sin su dispositivo. De esta manera, la totalidad de los alumnos de ambas instituciones contar\u00e1 con una computadora, lo cual \u2014seg\u00fan remarc\u00f3\u2014 \u201ces motivo de celebraci\u00f3n, no solo por el dispositivo en s\u00ed, sino por el acceso al conocimiento que comienza hoy\u201d.<\/p>\n\n\n\n<p>Asimismo, subray\u00f3 que el valor del programa radica en el trabajo sostenido del Gobierno de la Provincia, a trav\u00e9s de la Subsecretar\u00eda de Contenidos Audiovisuales. En ese sentido, destac\u00f3 que se viene desarrollando formaci\u00f3n docente y promoviendo la innovaci\u00f3n en las escuelas mediante la ense\u00f1anza de programaci\u00f3n, rob\u00f3tica e inteligencia artificial, con el acompa\u00f1amiento activo de los educadores.<\/p>\n\n\n\n<p>Adem\u00e1s, afirm\u00f3 que \u201cno hay transformaci\u00f3n educativa sin los docentes\u201d y que \u201cno podemos pensar en una educaci\u00f3n diferente sin su participaci\u00f3n\u201d. Record\u00f3 que Incluir Futuro naci\u00f3 durante la pandemia, cuando se evidenci\u00f3 la necesidad de ense\u00f1ar de manera distinta y de garantizar herramientas para continuar aprendiendo.<\/p>\n\n\n\n<p>Por otra parte, mencion\u00f3 que los contenidos audiovisuales disponibles de primero a sexto a\u00f1o constituyen una estrategia pedag\u00f3gica para el aula, y tambi\u00e9n para reforzar aprendizajes desde el hogar, especialmente en \u00e1reas como matem\u00e1tica, f\u00edsica e ingl\u00e9s.<\/p>\n\n\n\n<p>Finalmente, se dirigi\u00f3 a los estudiantes, inst\u00e1ndolos a estudiar, a esforzarse cada d\u00eda y a escuchar a sus familias, docentes y directivos, ya que \u2014concluy\u00f3\u2014 \u201cel futuro est\u00e1 en sus manos\u201d.<\/p>\n\n\n\n<p>En detalle, se entregaron 848 notebooks a dos colegios secundarios: Escuela T\u00e9cnica Juana Manso (335) y Escuela T\u00e9cnica Bernardino Rivadavia (513).<\/p>\n\n\n\n<p><strong>Presencias<\/strong><\/p>\n\n\n\n<p>Acompa\u00f1aron el acto el vice intendente Emilio Lanari; el subsecretario de Gesti\u00f3n Educativa, Julio Navias; miembros del gabinete educativo; el director de Educaci\u00f3n Secundaria, Sergio Guti\u00e9rrez; rectores de los colegios; autoridades municipales y p\u00fablico en general.<\/p>\n","protected":false},"excerpt":{"rendered":"<p>Este jueves, la ministra de Educaci\u00f3n, Pr\u00e1xedes L\u00f3pez, visit\u00f3 el Centro de Educaci\u00f3n F\u00edsica N.\u00ba 1 de la ciudad de Corrientes para realizar la entrega de computadoras en el marco&hellip; <\/p>\n","protected":false},"author":4,"featured_media":224682,"comment_status":"closed","ping_status":"open","sticky":false,"template":"","format":"standard","meta":{"footnotes":""},"categories":[23],"tags":[],"class_list":["post-224680","post","type-post","status-publish","format-standard","has-post-thumbnail","hentry","category-actualidad"],"_links":{"self":[{"href":"https:\/\/corrientesdetarde.com\/index.php\/wp-json\/wp\/v2\/posts\/224680","targetHints":{"allow":["GET"]}}],"collection":[{"href":"https:\/\/corrientesdetarde.com\/index.php\/wp-json\/wp\/v2\/posts"}],"about":[{"href":"https:\/\/corrientesdetarde.com\/index.php\/wp-json\/wp\/v2\/types\/post"}],"author":[{"embeddable":true,"href":"https:\/\/corrientesdetarde.com\/index.php\/wp-json\/wp\/v2\/users\/4"}],"replies":[{"embeddable":true,"href":"https:\/\/corrientesdetarde.com\/index.php\/wp-json\/wp\/v2\/comments?post=224680"}],"version-history":[{"count":1,"href":"https:\/\/corrientesdetarde.com\/index.php\/wp-json\/wp\/v2\/posts\/224680\/revisions"}],"predecessor-version":[{"id":224683,"href":"https:\/\/corrientesdetarde.com\/index.php\/wp-json\/wp\/v2\/posts\/224680\/revisions\/224683"}],"wp:featuredmedia":[{"embeddable":true,"href":"https:\/\/corrientesdetarde.com\/index.php\/wp-json\/wp\/v2\/media\/224682"}],"wp:attachment":[{"href":"https:\/\/corrientesdetarde.com\/index.php\/wp-json\/wp\/v2\/media?parent=224680"}],"wp:term":[{"taxonomy":"category","embeddable":true,"href":"https:\/\/corrientesdetarde.com\/index.php\/wp-json\/wp\/v2\/categories?post=224680"},{"taxonomy":"post_tag","embeddable":true,"href":"https:\/\/corrientesdetarde.com\/index.php\/wp-json\/wp\/v2\/tags?post=224680"}],"curies":[{"name":"wp","href":"https:\/\/api.w.org\/{rel}","templated":true}]}}