{"id":224684,"date":"2025-08-28T21:04:50","date_gmt":"2025-08-29T00:04:50","guid":{"rendered":"https:\/\/corrientesdetarde.com\/?p=224684"},"modified":"2025-08-28T21:05:21","modified_gmt":"2025-08-29T00:05:21","slug":"la-dpec-realizara-trabajos-de-mejoras-en-capital-53","status":"publish","type":"post","link":"https:\/\/corrientesdetarde.com\/index.php\/destacados\/la-dpec-realizara-trabajos-de-mejoras-en-capital-53\/","title":{"rendered":"La DPEC realizar\u00e1 trabajos de mejoras en Capital"},"content":{"rendered":"\n<p>La Direcci\u00f3n Provincial de Energ\u00eda de Corrientes comunica que, por ejecutar diversos trabajos de mantenimiento de L\u00edneas de Media Tensi\u00f3n para la mejora del servicio en Capital, se interrumpir\u00e1 el suministro de energ\u00eda el\u00e9ctrica el viernes 29 de agosto de 2025.<\/p>\n\n\n\n<p>Es por eso, que en Capital la Direcci\u00f3n Provincial de Energ\u00eda de Corrientes (DPEC), se ejecutar\u00e1n tareas de mantenimiento de L\u00edneas de Media Tensi\u00f3n y por tal motivo, interrumpir\u00e1 el suministro de energ\u00eda el\u00e9ctrica, el viernes 29 de agosto de 2025 de 08:00 a 13:00 en las zonas de los barrios Monta\u00f1a Viejo, Santa Margarita, Ca\u00f1ada Quir\u00f3z y zonas de influencia.<\/p>\n","protected":false},"excerpt":{"rendered":"<p>La Direcci\u00f3n Provincial de Energ\u00eda de Corrientes comunica que, por ejecutar diversos trabajos de mantenimiento de L\u00edneas de Media Tensi\u00f3n para la mejora del servicio en Capital, se interrumpir\u00e1 el&hellip; <\/p>\n","protected":false},"author":4,"featured_media":224675,"comment_status":"closed","ping_status":"open","sticky":false,"template":"","format":"standard","meta":{"footnotes":""},"categories":[26],"tags":[],"class_list":["post-224684","post","type-post","status-publish","format-standard","has-post-thumbnail","hentry","category-destacados"],"_links":{"self":[{"href":"https:\/\/corrientesdetarde.com\/index.php\/wp-json\/wp\/v2\/posts\/224684","targetHints":{"allow":["GET"]}}],"collection":[{"href":"https:\/\/corrientesdetarde.com\/index.php\/wp-json\/wp\/v2\/posts"}],"about":[{"href":"https:\/\/corrientesdetarde.com\/index.php\/wp-json\/wp\/v2\/types\/post"}],"author":[{"embeddable":true,"href":"https:\/\/corrientesdetarde.com\/index.php\/wp-json\/wp\/v2\/users\/4"}],"replies":[{"embeddable":true,"href":"https:\/\/corrientesdetarde.com\/index.php\/wp-json\/wp\/v2\/comments?post=224684"}],"version-history":[{"count":1,"href":"https:\/\/corrientesdetarde.com\/index.php\/wp-json\/wp\/v2\/posts\/224684\/revisions"}],"predecessor-version":[{"id":224686,"href":"https:\/\/corrientesdetarde.com\/index.php\/wp-json\/wp\/v2\/posts\/224684\/revisions\/224686"}],"wp:featuredmedia":[{"embeddable":true,"href":"https:\/\/corrientesdetarde.com\/index.php\/wp-json\/wp\/v2\/media\/224675"}],"wp:attachment":[{"href":"https:\/\/corrientesdetarde.com\/index.php\/wp-json\/wp\/v2\/media?parent=224684"}],"wp:term":[{"taxonomy":"category","embeddable":true,"href":"https:\/\/corrientesdetarde.com\/index.php\/wp-json\/wp\/v2\/categories?post=224684"},{"taxonomy":"post_tag","embeddable":true,"href":"https:\/\/corrientesdetarde.com\/index.php\/wp-json\/wp\/v2\/tags?post=224684"}],"curies":[{"name":"wp","href":"https:\/\/api.w.org\/{rel}","templated":true}]}}