{"id":224765,"date":"2025-08-29T11:00:31","date_gmt":"2025-08-29T14:00:31","guid":{"rendered":"https:\/\/corrientesdetarde.com\/?p=224765"},"modified":"2025-08-29T11:00:35","modified_gmt":"2025-08-29T14:00:35","slug":"veda-electoral-que-se-debe-tener-en-cuenta","status":"publish","type":"post","link":"https:\/\/corrientesdetarde.com\/index.php\/destacados\/veda-electoral-que-se-debe-tener-en-cuenta\/","title":{"rendered":"Veda electoral: \u00bfqu\u00e9 se debe tener en cuenta?"},"content":{"rendered":"\n<p>Las elecciones provinciales se llevar\u00e1n a cabo este domingo 31 de agosto y en los d\u00edas previos a los comicios se limitan o proh\u00edben determinadas actividades.&nbsp;Este viernes&nbsp;a las 8 inici\u00f3 la prohibici\u00f3n para realizar actos de campa\u00f1a y actividades proselitistas en todo el territorio provincial.<\/p>\n\n\n\n<p>La veda electoral se refiere a una serie de actividades que est\u00e1n prohibidas durante un plazo anterior y posterior a las elecciones, con el objetivo de garantizar la transparencia del proceso electoral y resguardar la voluntad de las y los votantes. Existen dos tipos de vedas, la que se establece para los candidatos y la que se determina para la ciudadan\u00eda.<\/p>\n\n\n\n<p>Seg\u00fan el C\u00f3digo Electoral de Corrientes, la veda electoral empieza oficialmente 48 horas antes de la iniciaci\u00f3n del comicio. Como la votaci\u00f3n arranca a las 8 del domingo 31 de agosto, la veda comenz\u00f3 hoy viernes 29, a las 8.<\/p>\n\n\n\n<p>De acuerdo a lo estipulado en el C\u00f3digo Electoral Provincial de Corrientes, estas son las actividades prohibidas durante la veda electoral:<\/p>\n\n\n\n<p>-Los actos p\u00fablicos de proselitismo quedan prohibidos desde las 48 horas antes de la iniciaci\u00f3n del comicio.<\/p>\n\n\n\n<p>-El uso de banderas, divisas u otros distintivos partidarios est\u00e1n prohibidas a los electores desde. La misma prohibici\u00f3n se aplica a la realizaci\u00f3n p\u00fablica de cualquier propaganda proselitista en este per\u00edodo.<\/p>\n\n\n\n<p>-El expendio de bebidas alcoh\u00f3licas est\u00e1 prohibido para las casas destinadas a este fin desde 12 horas antes de la elecci\u00f3n y hasta tres horas despu\u00e9s del cierre del comicio.<\/p>\n\n\n\n<p>-Los espect\u00e1culos populares al aire libre o en recintos cerrados, fiestas teatrales, deportivas y toda clase de reuniones p\u00fablicas que no se refieran al acto electoral se proh\u00edben durante el desarrollo del comicio y hasta pasadas tres horas de ser clausurado.<\/p>\n\n\n\n<p>-Est\u00e1 prohibido ofrecer o entregar a los electores boletas de sufragio dentro de un radio de 80 metros de las mesas receptoras de votos, contados sobre la calzada, calle o camino, durante el d\u00eda de la elecci\u00f3n.<\/p>\n","protected":false},"excerpt":{"rendered":"<p>Las elecciones provinciales se llevar\u00e1n a cabo este domingo 31 de agosto y en los d\u00edas previos a los comicios se limitan o proh\u00edben determinadas actividades.&nbsp;Este viernes&nbsp;a las 8 inici\u00f3&hellip; <\/p>\n","protected":false},"author":3,"featured_media":224792,"comment_status":"closed","ping_status":"open","sticky":false,"template":"","format":"standard","meta":{"footnotes":""},"categories":[26],"tags":[],"class_list":["post-224765","post","type-post","status-publish","format-standard","has-post-thumbnail","hentry","category-destacados"],"_links":{"self":[{"href":"https:\/\/corrientesdetarde.com\/index.php\/wp-json\/wp\/v2\/posts\/224765","targetHints":{"allow":["GET"]}}],"collection":[{"href":"https:\/\/corrientesdetarde.com\/index.php\/wp-json\/wp\/v2\/posts"}],"about":[{"href":"https:\/\/corrientesdetarde.com\/index.php\/wp-json\/wp\/v2\/types\/post"}],"author":[{"embeddable":true,"href":"https:\/\/corrientesdetarde.com\/index.php\/wp-json\/wp\/v2\/users\/3"}],"replies":[{"embeddable":true,"href":"https:\/\/corrientesdetarde.com\/index.php\/wp-json\/wp\/v2\/comments?post=224765"}],"version-history":[{"count":1,"href":"https:\/\/corrientesdetarde.com\/index.php\/wp-json\/wp\/v2\/posts\/224765\/revisions"}],"predecessor-version":[{"id":224800,"href":"https:\/\/corrientesdetarde.com\/index.php\/wp-json\/wp\/v2\/posts\/224765\/revisions\/224800"}],"wp:featuredmedia":[{"embeddable":true,"href":"https:\/\/corrientesdetarde.com\/index.php\/wp-json\/wp\/v2\/media\/224792"}],"wp:attachment":[{"href":"https:\/\/corrientesdetarde.com\/index.php\/wp-json\/wp\/v2\/media?parent=224765"}],"wp:term":[{"taxonomy":"category","embeddable":true,"href":"https:\/\/corrientesdetarde.com\/index.php\/wp-json\/wp\/v2\/categories?post=224765"},{"taxonomy":"post_tag","embeddable":true,"href":"https:\/\/corrientesdetarde.com\/index.php\/wp-json\/wp\/v2\/tags?post=224765"}],"curies":[{"name":"wp","href":"https:\/\/api.w.org\/{rel}","templated":true}]}}