{"id":224774,"date":"2025-08-29T11:00:30","date_gmt":"2025-08-29T14:00:30","guid":{"rendered":"https:\/\/corrientesdetarde.com\/?p=224774"},"modified":"2025-08-29T11:00:34","modified_gmt":"2025-08-29T14:00:34","slug":"este-viernes-29-de-agosto-comienza-el-pago-de-sueldos-a-municipales","status":"publish","type":"post","link":"https:\/\/corrientesdetarde.com\/index.php\/locales\/este-viernes-29-de-agosto-comienza-el-pago-de-sueldos-a-municipales\/","title":{"rendered":"Este viernes 29 de agosto comienza el pago de sueldos a municipales"},"content":{"rendered":"\n<p>El cronograma salarial de agosto se extender\u00e1 hasta el jueves 4 de septiembre, seg\u00fan lo anunci\u00f3 el intendente Eduardo Tassano a trav\u00e9s de sus redes sociales.<\/p>\n\n\n\n<p>El viernes 29 se pagar\u00e1 entonces a los trabajadores de Higiene Urbana. Continuar\u00e1 ya despu\u00e9s del fin de semana, el lunes 1 de septiembre, con los agentes cuyos DNI finalicen en 0 y 1; el martes 2 sigue con el pago a quienes tengan DNI que terminen en 2, 3 y 4; el mi\u00e9rcoles 3, ser\u00e1 el turno de los DNI terminados en 5 y 6, y concluir\u00e1 el jueves 4 con documentos finalizados en 7, 8 y 9.<br><br>NEIKE<br>Asimismo, el titular del Ejecutivo municipal detall\u00f3 que los agentes Neike bancarizados tendr\u00e1n depositados los salarios en sus respectivas cuentas bancarias este mismo viernes 29 de agosto, dinero al que podr\u00e1n acceder extray\u00e9ndolo a trav\u00e9s de los cajeros autom\u00e1ticos habilitados.<br>Por su parte, los Neike no bancarizados deber\u00e1n dirigirse a la Caja Municipal de Pr\u00e9stamos (CMP), en su sede central ubicada en Brasil 1269. Los pagos se har\u00e1n de lunes a viernes, de 7:30 a 12:30 y de 16 a 20.<br>En este caso, en el primer d\u00eda, viernes 29 de agosto, se pagar\u00e1 a los trabajadores con DNI terminados en 0, 1 y 2. Luego, seguir\u00e1 el lunes 1 de septiembre con los agentes con DNI finalizados en 3, 4, 5 y 6. Y concluir\u00e1 entonces el martes 2 de septiembre, con los trabajadores que tengan documentos que finalicen en 7, 8 y 9.<br>En tanto que los Neike bancarizados, pero que a\u00fan no tengan tarjetas de d\u00e9bito, podr\u00e1n cobrar en la sucursal del Banco de Corrientes de Teniente Ib\u00e1\u00f1ez 1826. Este segmento de trabajadores deber\u00e1 retirar por el cronograma antes mencionado.<\/p>\n","protected":false},"excerpt":{"rendered":"<p>El cronograma salarial de agosto se extender\u00e1 hasta el jueves 4 de septiembre, seg\u00fan lo anunci\u00f3 el intendente Eduardo Tassano a trav\u00e9s de sus redes sociales. El viernes 29 se&hellip; <\/p>\n","protected":false},"author":3,"featured_media":224791,"comment_status":"closed","ping_status":"open","sticky":false,"template":"","format":"standard","meta":{"footnotes":""},"categories":[8],"tags":[],"class_list":["post-224774","post","type-post","status-publish","format-standard","has-post-thumbnail","hentry","category-locales"],"_links":{"self":[{"href":"https:\/\/corrientesdetarde.com\/index.php\/wp-json\/wp\/v2\/posts\/224774","targetHints":{"allow":["GET"]}}],"collection":[{"href":"https:\/\/corrientesdetarde.com\/index.php\/wp-json\/wp\/v2\/posts"}],"about":[{"href":"https:\/\/corrientesdetarde.com\/index.php\/wp-json\/wp\/v2\/types\/post"}],"author":[{"embeddable":true,"href":"https:\/\/corrientesdetarde.com\/index.php\/wp-json\/wp\/v2\/users\/3"}],"replies":[{"embeddable":true,"href":"https:\/\/corrientesdetarde.com\/index.php\/wp-json\/wp\/v2\/comments?post=224774"}],"version-history":[{"count":1,"href":"https:\/\/corrientesdetarde.com\/index.php\/wp-json\/wp\/v2\/posts\/224774\/revisions"}],"predecessor-version":[{"id":224799,"href":"https:\/\/corrientesdetarde.com\/index.php\/wp-json\/wp\/v2\/posts\/224774\/revisions\/224799"}],"wp:featuredmedia":[{"embeddable":true,"href":"https:\/\/corrientesdetarde.com\/index.php\/wp-json\/wp\/v2\/media\/224791"}],"wp:attachment":[{"href":"https:\/\/corrientesdetarde.com\/index.php\/wp-json\/wp\/v2\/media?parent=224774"}],"wp:term":[{"taxonomy":"category","embeddable":true,"href":"https:\/\/corrientesdetarde.com\/index.php\/wp-json\/wp\/v2\/categories?post=224774"},{"taxonomy":"post_tag","embeddable":true,"href":"https:\/\/corrientesdetarde.com\/index.php\/wp-json\/wp\/v2\/tags?post=224774"}],"curies":[{"name":"wp","href":"https:\/\/api.w.org\/{rel}","templated":true}]}}