{"id":224813,"date":"2025-08-29T18:04:55","date_gmt":"2025-08-29T21:04:55","guid":{"rendered":"https:\/\/corrientesdetarde.com\/?p=224813"},"modified":"2025-08-29T18:05:06","modified_gmt":"2025-08-29T21:05:06","slug":"ambar-cisneros-dio-su-primer-paso-en-la-pasarela-de-argentina-fashion-week","status":"publish","type":"post","link":"https:\/\/corrientesdetarde.com\/index.php\/eventossociedad\/ambar-cisneros-dio-su-primer-paso-en-la-pasarela-de-argentina-fashion-week\/","title":{"rendered":"\u00c1MBAR CISNEROS DIO SU PRIMER PASO EN LA PASARELA DE ARGENTINA FASHION WEEK"},"content":{"rendered":"\n<p>Con apenas 4 a\u00f1os, \u00c1mbar Cisneros se present\u00f3 como modelo en Argentina Fashion Week, una edici\u00f3n marcada por la diversidad de propuestas y la apertura a nuevos talentos.<br>En la pasarela, \u00c1mbar acapar\u00f3 las miradas con un look cargado de frescura y encanto. Su propuesta apost\u00f3 por la comodidad sin resignar estilo: un conjunto en tonos pastel, donde el verde agua y el rosa se fusionaron en una remera de rayas suaves que transmite inocencia y modernidad a la vez.<br>Desde muy peque\u00f1a, \u00c1mbar mostr\u00f3 curiosidad y entusiasmo por la moda, observando desfiles y jugando con colores y accesorios que reflejan su personalidad. Esa inclinaci\u00f3n le permiti\u00f3 desenvolverse con naturalidad tanto en la pasarela como frente a las c\u00e1maras, tal como ya lo hab\u00eda demostrado en Imagen de Moda, el ciclo conducido por Andrea Garmendia donde contin\u00faa teniendo participaciones cada domingo a las 20 hs.<br>Lo que comenz\u00f3 como un juego empieza a abrirle puertas en escenarios internacionales. Entre sus pr\u00f3ximas presentaciones figuran el Fashion Week La Puglia, en Italia (del 6 al 10 de septiembre), y el Milano Fashion Week, previsto para febrero de 2026.<br>La participaci\u00f3n de \u00c1mbar en Argentina Fashion Week cont\u00f3 con el acompa\u00f1amiento de sus padres, quienes respaldan cada paso de su desarrollo en un entorno cuidado y de confianza.<\/p>\n","protected":false},"excerpt":{"rendered":"<p>Con apenas 4 a\u00f1os, \u00c1mbar Cisneros se present\u00f3 como modelo en Argentina Fashion Week, una edici\u00f3n marcada por la diversidad de propuestas y la apertura a nuevos talentos.En la pasarela,&hellip; <\/p>\n","protected":false},"author":11,"featured_media":224814,"comment_status":"closed","ping_status":"open","sticky":false,"template":"","format":"standard","meta":{"footnotes":""},"categories":[1208],"tags":[],"class_list":["post-224813","post","type-post","status-publish","format-standard","has-post-thumbnail","hentry","category-eventossociedad"],"_links":{"self":[{"href":"https:\/\/corrientesdetarde.com\/index.php\/wp-json\/wp\/v2\/posts\/224813","targetHints":{"allow":["GET"]}}],"collection":[{"href":"https:\/\/corrientesdetarde.com\/index.php\/wp-json\/wp\/v2\/posts"}],"about":[{"href":"https:\/\/corrientesdetarde.com\/index.php\/wp-json\/wp\/v2\/types\/post"}],"author":[{"embeddable":true,"href":"https:\/\/corrientesdetarde.com\/index.php\/wp-json\/wp\/v2\/users\/11"}],"replies":[{"embeddable":true,"href":"https:\/\/corrientesdetarde.com\/index.php\/wp-json\/wp\/v2\/comments?post=224813"}],"version-history":[{"count":1,"href":"https:\/\/corrientesdetarde.com\/index.php\/wp-json\/wp\/v2\/posts\/224813\/revisions"}],"predecessor-version":[{"id":224815,"href":"https:\/\/corrientesdetarde.com\/index.php\/wp-json\/wp\/v2\/posts\/224813\/revisions\/224815"}],"wp:featuredmedia":[{"embeddable":true,"href":"https:\/\/corrientesdetarde.com\/index.php\/wp-json\/wp\/v2\/media\/224814"}],"wp:attachment":[{"href":"https:\/\/corrientesdetarde.com\/index.php\/wp-json\/wp\/v2\/media?parent=224813"}],"wp:term":[{"taxonomy":"category","embeddable":true,"href":"https:\/\/corrientesdetarde.com\/index.php\/wp-json\/wp\/v2\/categories?post=224813"},{"taxonomy":"post_tag","embeddable":true,"href":"https:\/\/corrientesdetarde.com\/index.php\/wp-json\/wp\/v2\/tags?post=224813"}],"curies":[{"name":"wp","href":"https:\/\/api.w.org\/{rel}","templated":true}]}}