{"id":224816,"date":"2025-08-29T18:56:14","date_gmt":"2025-08-29T21:56:14","guid":{"rendered":"https:\/\/corrientesdetarde.com\/?p=224816"},"modified":"2025-08-29T18:57:08","modified_gmt":"2025-08-29T21:57:08","slug":"la-municipalidad-ya-planto-mas-de-15-000-arbolesen-78-barrios-de-la-ciudad-de-corrientes","status":"publish","type":"post","link":"https:\/\/corrientesdetarde.com\/index.php\/actualidad\/la-municipalidad-ya-planto-mas-de-15-000-arbolesen-78-barrios-de-la-ciudad-de-corrientes\/","title":{"rendered":"La Municipalidad ya plant\u00f3 m\u00e1s de 15.000 \u00e1rbolesen 78 barrios de la ciudad de Corrientes"},"content":{"rendered":"\n<p>Se super\u00f3 la meta de 15 mil \u00e1rboles plantados durante la gesti\u00f3n -5 mil este a\u00f1o-, y se avanza hacia una ciudad m\u00e1s sustentable. Se cumple este compromiso verde con la ayuda de socios estrat\u00e9gicos: vecinos y empresas privadas. Actualmente, se trabaja en el arborizado de dos avenidas inauguradas, y se lleva adelante la despapelizaci\u00f3n en las oficinas p\u00fablicas.&nbsp;<\/p>\n\n\n\n<figure class=\"wp-block-embed is-type-video is-provider-youtube wp-block-embed-youtube wp-embed-aspect-16-9 wp-has-aspect-ratio\"><div class=\"wp-block-embed__wrapper\">\n<iframe loading=\"lazy\" title=\"La Municipalidad ya plant\u00f3 m\u00e1s de 15.000 \u00e1rboles en 78 barrios de la ciudad de Corrientes\" width=\"1110\" height=\"624\" src=\"https:\/\/www.youtube.com\/embed\/bJVcd2EkTnw?feature=oembed\" frameborder=\"0\" allow=\"accelerometer; autoplay; clipboard-write; encrypted-media; gyroscope; picture-in-picture; web-share\" referrerpolicy=\"strict-origin-when-cross-origin\" allowfullscreen><\/iframe>\n<\/div><\/figure>\n\n\n\n<p>Se celebra hoy el D\u00eda del \u00c1rbol&nbsp;en Argentina para concientizar sobre la importancia de los recursos arb\u00f3reos para la Tierra, y la Municipalidad de Corrientes hace un balance positivo del trabajo realizado, tras superarse la meta de plantar 15 mil \u00e1rboles durante la gesti\u00f3n.<\/p>\n\n\n\n<figure class=\"wp-block-image size-large\"><img loading=\"lazy\" decoding=\"async\" width=\"1024\" height=\"675\" src=\"https:\/\/corrientesdetarde.com\/wp-content\/uploads\/2025\/08\/image-1192-1024x675.png\" alt=\"\" class=\"wp-image-224823\" srcset=\"https:\/\/corrientesdetarde.com\/wp-content\/uploads\/2025\/08\/image-1192-1024x675.png 1024w, https:\/\/corrientesdetarde.com\/wp-content\/uploads\/2025\/08\/image-1192-300x198.png 300w, https:\/\/corrientesdetarde.com\/wp-content\/uploads\/2025\/08\/image-1192-768x506.png 768w, https:\/\/corrientesdetarde.com\/wp-content\/uploads\/2025\/08\/image-1192.png 1262w\" sizes=\"auto, (max-width: 1024px) 100vw, 1024px\" \/><\/figure>\n\n\n\n<p>El secretario de Ambiente y Desarrollo Sustentable, Ignacio Maldonado Yonna, destac\u00f3 los logros alcanzados en materia de arbolado urbano, compromiso ciudadano y pol\u00edticas ambientales que consolidan a Corrientes como una ciudad comprometida con la lucha contra el cambio clim\u00e1tico.<\/p>\n\n\n\n<p>La gesti\u00f3n municipal de Corrientes se propuso una meta ambiciosa: plantar 15 mil \u00e1rboles en cuatro a\u00f1os. Hoy, no solo alcanz\u00f3 ese objetivo, sino que lo super\u00f3. \u201cYa llevamos casi 16 mil \u00e1rboles plantados en toda la ciudad, de los cuales alrededor de 5 mil corresponden al \u00faltimo a\u00f1o\u201d, se\u00f1al\u00f3 el secretario de Ambiente.<\/p>\n\n\n\n<p>La iniciativa se concret\u00f3 a trav\u00e9s de dos grandes l\u00edneas de acci\u00f3n: la arborizaci\u00f3n de espacios p\u00fablicos, avenidas y plazas, y el programa \u201cUn \u00e1rbol, un vecino\u201d, que permite a los ciudadanos solicitar la plantaci\u00f3n en la vereda de sus hogares.<\/p>\n\n\n\n<p>Hasta el momento, m\u00e1s de 78 barrios fueron intervenidos, y solo restan dos avenidas nuevas para completar el plan de arbolado urbano.<\/p>\n\n\n\n<figure class=\"wp-block-image size-large\"><img loading=\"lazy\" decoding=\"async\" width=\"1024\" height=\"677\" src=\"https:\/\/corrientesdetarde.com\/wp-content\/uploads\/2025\/08\/image-1193-1024x677.png\" alt=\"\" class=\"wp-image-224824\" srcset=\"https:\/\/corrientesdetarde.com\/wp-content\/uploads\/2025\/08\/image-1193-1024x677.png 1024w, https:\/\/corrientesdetarde.com\/wp-content\/uploads\/2025\/08\/image-1193-300x198.png 300w, https:\/\/corrientesdetarde.com\/wp-content\/uploads\/2025\/08\/image-1193-768x508.png 768w, https:\/\/corrientesdetarde.com\/wp-content\/uploads\/2025\/08\/image-1193.png 1270w\" sizes=\"auto, (max-width: 1024px) 100vw, 1024px\" \/><\/figure>\n\n\n\n<p>ESPECIES NATIVAS&nbsp;<br>El municipio prioriza la plantaci\u00f3n de especies nativas, seleccionadas seg\u00fan el tama\u00f1o de veredas y parterres, para evitar problemas futuros con servicios p\u00fablicos y garantizar una integraci\u00f3n arm\u00f3nica al entorno.<\/p>\n\n\n\n<p>\u201cTrabajamos bajo el Plan Local de Acci\u00f3n Clim\u00e1tica. El arbolado urbano nos permite mitigar las islas de calor y mejorar la calidad ambiental de la ciudad, generando un entorno m\u00e1s sano y saludable para los vecinos\u201d, explic\u00f3 Maldonado Yonna.<\/p>\n\n\n\n<p>PRIVADOS Y VECINOS<br>El plan no solo involucr\u00f3 a la gesti\u00f3n municipal, sino tambi\u00e9n al sector privado y a la comunidad. M\u00e1s de seis empresas locales \u2014entre ellas estaciones de servicio y gastron\u00f3micas\u2014 se sumaron al cuidado de \u00e1rboles en sus frentes o parterres, consolidando un esquema de responsabilidad compartida.<\/p>\n\n\n\n<p>En paralelo, el programa \u201cUn \u00e1rbol, un vecino\u201d fomenta la&nbsp;&nbsp;concientizaci\u00f3n ciudadana: la Municipalidad planta el ejemplar y el vecino se compromete a cuidarlo y mantenerlo. \u201cEsto genera participaci\u00f3n comunitaria y un sentido de pertenencia en los barrios\u201d, destac\u00f3 el funcionario.<br>&nbsp;<br>El arbolado es solo una de las pol\u00edticas ambientales de la gesti\u00f3n. La Municipalidad tambi\u00e9n avanz\u00f3 en programas de reciclaje, ampliaci\u00f3n de iluminaci\u00f3n LED, recuperaci\u00f3n de espacios p\u00fablicos y vinculaci\u00f3n con universidades y organizaciones sociales.<\/p>\n\n\n\n<p>\u201cCorrientes asumi\u00f3 el compromiso de ser una ciudad verde y sustentable. Las acciones que venimos desarrollando son parte de esa visi\u00f3n integral\u201d, afirm\u00f3 el secretario de Ambiente.<\/p>\n\n\n\n<p>MENOS PAPEL<br>Otro eje de la pol\u00edtica ambiental es la reducci\u00f3n del uso de papel en la administraci\u00f3n p\u00fablica. El caso testigo fue la Direcci\u00f3n de Tr\u00e1nsito, donde se redujeron 55 resmas de papel en los primeros meses de implementaci\u00f3n.<\/p>\n\n\n\n<p>\u201cLa despapelizaci\u00f3n es un proceso que ya se aplica en distintas \u00e1reas, como Habilitaciones Comerciales y Recursos Humanos. Con la modernizaci\u00f3n de los procesos buscamos no s\u00f3lo agilidad administrativa, sino tambi\u00e9n disminuir el impacto ambiental que genera el uso de papel\u201d, detall\u00f3 Maldonado Yonna.<br>&nbsp;<br>HUELLA VERDE<br>Con m\u00e1s de 16 mil \u00e1rboles plantados, la participaci\u00f3n de vecinos y empresas, y avances en sustentabilidad y modernizaci\u00f3n, Corrientes celebra el D\u00eda del \u00c1rbol mostrando resultados concretos.<\/p>\n\n\n\n<p>\u201cLa ciudad que queremos construir es una ciudad m\u00e1s verde, sustentable y preparada para enfrentar los desaf\u00edos del cambio clim\u00e1tico. Y este es un paso enorme en esa direcci\u00f3n\u201d, concluy\u00f3 Maldonado Yonna.<\/p>\n","protected":false},"excerpt":{"rendered":"<p>Se super\u00f3 la meta de 15 mil \u00e1rboles plantados durante la gesti\u00f3n -5 mil este a\u00f1o-, y se avanza hacia una ciudad m\u00e1s sustentable. Se cumple este compromiso verde con&hellip; <\/p>\n","protected":false},"author":4,"featured_media":224822,"comment_status":"closed","ping_status":"open","sticky":false,"template":"","format":"standard","meta":{"footnotes":""},"categories":[23],"tags":[],"class_list":["post-224816","post","type-post","status-publish","format-standard","has-post-thumbnail","hentry","category-actualidad"],"_links":{"self":[{"href":"https:\/\/corrientesdetarde.com\/index.php\/wp-json\/wp\/v2\/posts\/224816","targetHints":{"allow":["GET"]}}],"collection":[{"href":"https:\/\/corrientesdetarde.com\/index.php\/wp-json\/wp\/v2\/posts"}],"about":[{"href":"https:\/\/corrientesdetarde.com\/index.php\/wp-json\/wp\/v2\/types\/post"}],"author":[{"embeddable":true,"href":"https:\/\/corrientesdetarde.com\/index.php\/wp-json\/wp\/v2\/users\/4"}],"replies":[{"embeddable":true,"href":"https:\/\/corrientesdetarde.com\/index.php\/wp-json\/wp\/v2\/comments?post=224816"}],"version-history":[{"count":2,"href":"https:\/\/corrientesdetarde.com\/index.php\/wp-json\/wp\/v2\/posts\/224816\/revisions"}],"predecessor-version":[{"id":224827,"href":"https:\/\/corrientesdetarde.com\/index.php\/wp-json\/wp\/v2\/posts\/224816\/revisions\/224827"}],"wp:featuredmedia":[{"embeddable":true,"href":"https:\/\/corrientesdetarde.com\/index.php\/wp-json\/wp\/v2\/media\/224822"}],"wp:attachment":[{"href":"https:\/\/corrientesdetarde.com\/index.php\/wp-json\/wp\/v2\/media?parent=224816"}],"wp:term":[{"taxonomy":"category","embeddable":true,"href":"https:\/\/corrientesdetarde.com\/index.php\/wp-json\/wp\/v2\/categories?post=224816"},{"taxonomy":"post_tag","embeddable":true,"href":"https:\/\/corrientesdetarde.com\/index.php\/wp-json\/wp\/v2\/tags?post=224816"}],"curies":[{"name":"wp","href":"https:\/\/api.w.org\/{rel}","templated":true}]}}