{"id":224828,"date":"2025-08-29T18:59:12","date_gmt":"2025-08-29T21:59:12","guid":{"rendered":"https:\/\/corrientesdetarde.com\/?p=224828"},"modified":"2025-08-29T18:59:17","modified_gmt":"2025-08-29T21:59:17","slug":"la-muni-en-tu-barrio-las-prestaciones-gratuitas-llegaranen-septiembre-a-nueve-barrios-de-la-ciudad","status":"publish","type":"post","link":"https:\/\/corrientesdetarde.com\/index.php\/actualidad\/la-muni-en-tu-barrio-las-prestaciones-gratuitas-llegaranen-septiembre-a-nueve-barrios-de-la-ciudad\/","title":{"rendered":"La Muni en tu Barrio: las prestaciones gratuitas llegar\u00e1nen septiembre a nueve barrios de la ciudad"},"content":{"rendered":"\n<p>Los operativos integrales organizados por la Municipalidad, que contemplan servicios y prestaciones gratuitas en un solo lugar, iniciar\u00e1n su recorrido el martes 2 en el barrio Molina Punta. Incluyen los programas Mascotas Saludables y Descacharrado.<\/p>\n\n\n\n<p>El programa \u201cLa Muni en tu Barrio\u201d, que ofrece a los vecinos de la ciudad prestaciones sanitarias y de servicios gratuitos, los martes y jueves, en el horario de 8 a 12, comenzar\u00e1 su recorrido del mes de septiembre en el barrio Molina Punta.\u00a0<\/p>\n\n\n\n<figure class=\"wp-block-image size-large\"><img loading=\"lazy\" decoding=\"async\" width=\"1024\" height=\"676\" src=\"https:\/\/corrientesdetarde.com\/wp-content\/uploads\/2025\/08\/image-1194-1024x676.png\" alt=\"\" class=\"wp-image-224829\" srcset=\"https:\/\/corrientesdetarde.com\/wp-content\/uploads\/2025\/08\/image-1194-1024x676.png 1024w, https:\/\/corrientesdetarde.com\/wp-content\/uploads\/2025\/08\/image-1194-300x198.png 300w, https:\/\/corrientesdetarde.com\/wp-content\/uploads\/2025\/08\/image-1194-768x507.png 768w, https:\/\/corrientesdetarde.com\/wp-content\/uploads\/2025\/08\/image-1194.png 1258w\" sizes=\"auto, (max-width: 1024px) 100vw, 1024px\" \/><\/figure>\n\n\n\n<p><br><br>El operativo integral se cumplir\u00e1 el pr\u00f3ximo martes 2 de agosto por la calle Ballerini entre Los Tulipanes y calle 337, para continuar con las prestaciones municipales en otros ocho barrios de la ciudad.<br><br>Durante estas jornadas, diversas \u00e1reas de la Municipalidad, as\u00ed como de organismos provinciales, brindar\u00e1n m\u00faltiples servicios sanitarios, como ser control de peso y talla, atenci\u00f3n m\u00e9dica general, odontolog\u00eda, y monitoreo de hipertensi\u00f3n arterial y glucemia, entre otros ex\u00e1menes de salud.<br><br>Tambi\u00e9n se ofrecer\u00e1n servicios vinculados a Mediaci\u00f3n; Agricultura Periurbana a trav\u00e9s del programa \u00d1ande Huerta; Ambiente; asesoramiento para tr\u00e1mite de pensiones contributivas y temas de ni\u00f1ez, diversidad y g\u00e9nero; dispositivo de abordaje y prevenci\u00f3n de consumos problem\u00e1ticos; adultos mayores; tr\u00e1mites de DNI, Oficina de Empleo, Ministerio de Seguridad, Servicio de Atenci\u00f3n al Ciudadano, IPS, entre otros.<\/p>\n\n\n\n<figure class=\"wp-block-image size-large\"><img loading=\"lazy\" decoding=\"async\" width=\"1024\" height=\"685\" src=\"https:\/\/corrientesdetarde.com\/wp-content\/uploads\/2025\/08\/image-1195-1024x685.png\" alt=\"\" class=\"wp-image-224830\" srcset=\"https:\/\/corrientesdetarde.com\/wp-content\/uploads\/2025\/08\/image-1195-1024x685.png 1024w, https:\/\/corrientesdetarde.com\/wp-content\/uploads\/2025\/08\/image-1195-300x201.png 300w, https:\/\/corrientesdetarde.com\/wp-content\/uploads\/2025\/08\/image-1195-768x513.png 768w, https:\/\/corrientesdetarde.com\/wp-content\/uploads\/2025\/08\/image-1195.png 1261w\" sizes=\"auto, (max-width: 1024px) 100vw, 1024px\" \/><\/figure>\n\n\n\n<p><br><br>En cada operativo, La Muni en tu Barrio estar\u00e1 acompa\u00f1ado del programa Mascotas Saludables, que promueve la tenencia responsable de los animales dom\u00e9sticos, acercando atenci\u00f3n veterinaria gratuita, vacunaci\u00f3n antirr\u00e1bica, desparasitaciones y esterilizaciones (castraciones). Este \u00faltimo servicio debe requerirse con antelaci\u00f3n a trav\u00e9s del turnero web (<a href=\"https:\/\/ciudaddecorrientes.gov.ar\/mascotassaludables\" target=\"_blank\" rel=\"noreferrer noopener\">https:\/\/ciudaddecorrientes.gov.ar\/mascotassaludables<\/a>), por contar con un cupo limitado por cada operativo.<br><br>Cronograma<br>Martes 2: Ballerini entre Los Tulipanes y calle 337, en el barrio Molina Punta.<br>Jueves 4: Cabo de Hornos al 3900, esquina Argentina, en el barrio Juan XXIII.<br>Martes 9: Santo Tom\u00e9 entre Virasoro y Los Abuelos, en el barrio Punta Taitalo.<br>Jueves 11: Mario Bofill y Pocho Roch, en el barrio Yecoh\u00e1.<br>Martes 16: cancha de f\u00fatbol ubicada en Alejandro Dumas y Cuba, en el barrio Pirayu\u00ed I.<br>Jueves 18: Irala y Cabeza de Vaca, en el barrio Juan de Vera.<br>Martes 23: Santa Catalina y Los Comechingones, en el barrio Alta Gracia.<br>Jueves 25: Necochea y Reconquista, en la plaza Giachino del barrio Santa Teresita.<br>Martes 30: Pasaje Guido y Esparta, en el barrio Ant\u00e1rtida Argentina.<br>Descacharrado<br>Durante los operativos tambi\u00e9n se llevar\u00e1n adelante acciones preventivas contra el dengue, en las que se suma por la tarde el descacharrado en el barrio en el que el martes o jueves desembarca el programa municipal.<br><br>A tal efecto, desde las 14 horas, camiones y operarios municipales recorren una zona determinada para retirar objetos en desuso que puedan acumular agua y servir como criaderos de mosquitos, como muebles viejos, electrodom\u00e9sticos, llantas, cubiertas, chatarra, baldes, juguetes y otros recipientes. A tal efecto, los vecinos deben colocar estos elementos en las veredas para su posterior recolecci\u00f3n.<br><br>Los operativos de descacharrados se cumplir\u00e1n durante el mes de septiembre en los siguientes barrios y cuadr\u00edculas:<br><br>Martes 2: Barrio Molina Punta. Ca\u00e1 Cat\u00ed, Bilbao, Pasionaria y Los Tulipanes.<br>Jueves 4: Barrio Juan XXIII. Iber\u00e1, Argentina, J. R. Vidal e Igarzabal.<br>Martes 9: Barrio Punta Taitalo. Monte Caseros, Santa Filomena, Los Abuelos y Punta Arazaty.<br>Jueves 11: Barrio Yecoh\u00e1. Ruta 12, Los de Imaguar\u00e9, Abelino Flores y Ver\u00f3n Palacios.<br>Martes 16: Barrio Pirayu\u00ed. Tupac Amar\u00fa, Cuba, Alejandro Dumas y Tur\u00edn.<br>Jueves 18: Barrio Juan de Vera. Av. Col\u00f3n, Av. Juan de Garay, J. R. Vidal y Gutnisky.<br>Martes 23: Barrio Alta Gracia. Tilcara, Alta Gracia, Av. Santa Catalina y Paysand\u00fa.<br>Jueves 25: Barrio Santa Teresita. Av. Independencia, Av. Cazadores Correntinos, Av. Chacabuco y G\u00fcemes.<br>Martes 30: Barrio Ant\u00e1rtida Argentina. Av. Centenario, Av. Independencia, Av. Chacabuco y Juan Jos\u00e9 Castelli.<\/p>\n","protected":false},"excerpt":{"rendered":"<p>Los operativos integrales organizados por la Municipalidad, que contemplan servicios y prestaciones gratuitas en un solo lugar, iniciar\u00e1n su recorrido el martes 2 en el barrio Molina Punta. Incluyen los&hellip; <\/p>\n","protected":false},"author":4,"featured_media":224831,"comment_status":"closed","ping_status":"open","sticky":false,"template":"","format":"standard","meta":{"footnotes":""},"categories":[23],"tags":[],"class_list":["post-224828","post","type-post","status-publish","format-standard","has-post-thumbnail","hentry","category-actualidad"],"_links":{"self":[{"href":"https:\/\/corrientesdetarde.com\/index.php\/wp-json\/wp\/v2\/posts\/224828","targetHints":{"allow":["GET"]}}],"collection":[{"href":"https:\/\/corrientesdetarde.com\/index.php\/wp-json\/wp\/v2\/posts"}],"about":[{"href":"https:\/\/corrientesdetarde.com\/index.php\/wp-json\/wp\/v2\/types\/post"}],"author":[{"embeddable":true,"href":"https:\/\/corrientesdetarde.com\/index.php\/wp-json\/wp\/v2\/users\/4"}],"replies":[{"embeddable":true,"href":"https:\/\/corrientesdetarde.com\/index.php\/wp-json\/wp\/v2\/comments?post=224828"}],"version-history":[{"count":1,"href":"https:\/\/corrientesdetarde.com\/index.php\/wp-json\/wp\/v2\/posts\/224828\/revisions"}],"predecessor-version":[{"id":224832,"href":"https:\/\/corrientesdetarde.com\/index.php\/wp-json\/wp\/v2\/posts\/224828\/revisions\/224832"}],"wp:featuredmedia":[{"embeddable":true,"href":"https:\/\/corrientesdetarde.com\/index.php\/wp-json\/wp\/v2\/media\/224831"}],"wp:attachment":[{"href":"https:\/\/corrientesdetarde.com\/index.php\/wp-json\/wp\/v2\/media?parent=224828"}],"wp:term":[{"taxonomy":"category","embeddable":true,"href":"https:\/\/corrientesdetarde.com\/index.php\/wp-json\/wp\/v2\/categories?post=224828"},{"taxonomy":"post_tag","embeddable":true,"href":"https:\/\/corrientesdetarde.com\/index.php\/wp-json\/wp\/v2\/tags?post=224828"}],"curies":[{"name":"wp","href":"https:\/\/api.w.org\/{rel}","templated":true}]}}