{"id":224833,"date":"2025-08-29T19:06:25","date_gmt":"2025-08-29T22:06:25","guid":{"rendered":"https:\/\/corrientesdetarde.com\/?p=224833"},"modified":"2025-08-30T01:02:29","modified_gmt":"2025-08-30T04:02:29","slug":"el-hospital-san-juan-bautista-recibio-un-equipo-y-capacitacion-del-cucaicor","status":"publish","type":"post","link":"https:\/\/corrientesdetarde.com\/index.php\/actualidad\/el-hospital-san-juan-bautista-recibio-un-equipo-y-capacitacion-del-cucaicor\/","title":{"rendered":"El hospital \u201cSan Juan Bautista\u201d recibi\u00f3 un equipo y capacitaci\u00f3n del CUCAICOR"},"content":{"rendered":"\n<p><em>Se instruy\u00f3 al personal sobre el uso del equipamiento de doppler transcraneal que permite medir la velocidad y direcci\u00f3n del flujo sangu\u00edneo en el cerebro.<\/em><\/p>\n\n\n\n<p>El ministro de Salud P\u00fablica, Ricardo Cardozo, entreg\u00f3 certificados a profesionales del Hospital Universitario \u201cSan Juan Bautista\u201d de Santo Tom\u00e9, quienes se instruyeron en el Programa Nacional de Capacitaci\u00f3n en Coordinaci\u00f3n Hospitalaria dictado por el INCUCAI. Lo hizo junto al director del Centro \u00danico Coordinador de Ablaci\u00f3n e Implante de Corrientes (CUCAICOR), H\u00e9ctor \u00c1lvarez.<\/p>\n\n\n\n<p>\u201cSe hizo entrega al licenciado Nazareno Candarle y al doctor Gustavo Andrich. En los certificados consta que cumplieron los requisitos exigidos en el Programa Nacional de Capacitaci\u00f3n en Coordinaci\u00f3n Hospitalaria de Trasplante, 6ta y 7ma Cohorte, aprobado por el directorio del INCUCAI\u201d, precis\u00f3 \u00c1lvarez.<\/p>\n\n\n\n<p>A su vez, \u201cse capacit\u00f3 y se puso a disposici\u00f3n de la Unidad Hospitalaria de Procuraci\u00f3n y Trasplante &#8211; UHPROT &#8211; del hospital de Santo Tom\u00e9, un equipo de doppler transcraneal de \u00faltima generaci\u00f3n, que permite medir la velocidad y direcci\u00f3n del flujo sangu\u00edneo cerebral\u201d.<\/p>\n\n\n\n<p>Este equipo permitir\u00e1 a profesionales de esta ciudad, hacer el diagn\u00f3stico de muerte encef\u00e1lica sin requerir la presencia de m\u00e9dicos de Capital. Adem\u00e1s, se utilizar\u00e1 para neuromonitoreo del flujo sangu\u00edneo de pacientes neurocr\u00edticos que se internen en la Unidad de Terapia Intensiva de dicho nosocomio.<\/p>\n\n\n\n<p><\/p>\n","protected":false},"excerpt":{"rendered":"<p>Se instruy\u00f3 al personal sobre el uso del equipamiento de doppler transcraneal que permite medir la velocidad y direcci\u00f3n del flujo sangu\u00edneo en el cerebro. El ministro de Salud P\u00fablica,&hellip; <\/p>\n","protected":false},"author":4,"featured_media":224834,"comment_status":"closed","ping_status":"open","sticky":false,"template":"","format":"standard","meta":{"footnotes":""},"categories":[23],"tags":[],"class_list":["post-224833","post","type-post","status-publish","format-standard","has-post-thumbnail","hentry","category-actualidad"],"_links":{"self":[{"href":"https:\/\/corrientesdetarde.com\/index.php\/wp-json\/wp\/v2\/posts\/224833","targetHints":{"allow":["GET"]}}],"collection":[{"href":"https:\/\/corrientesdetarde.com\/index.php\/wp-json\/wp\/v2\/posts"}],"about":[{"href":"https:\/\/corrientesdetarde.com\/index.php\/wp-json\/wp\/v2\/types\/post"}],"author":[{"embeddable":true,"href":"https:\/\/corrientesdetarde.com\/index.php\/wp-json\/wp\/v2\/users\/4"}],"replies":[{"embeddable":true,"href":"https:\/\/corrientesdetarde.com\/index.php\/wp-json\/wp\/v2\/comments?post=224833"}],"version-history":[{"count":1,"href":"https:\/\/corrientesdetarde.com\/index.php\/wp-json\/wp\/v2\/posts\/224833\/revisions"}],"predecessor-version":[{"id":224835,"href":"https:\/\/corrientesdetarde.com\/index.php\/wp-json\/wp\/v2\/posts\/224833\/revisions\/224835"}],"wp:featuredmedia":[{"embeddable":true,"href":"https:\/\/corrientesdetarde.com\/index.php\/wp-json\/wp\/v2\/media\/224834"}],"wp:attachment":[{"href":"https:\/\/corrientesdetarde.com\/index.php\/wp-json\/wp\/v2\/media?parent=224833"}],"wp:term":[{"taxonomy":"category","embeddable":true,"href":"https:\/\/corrientesdetarde.com\/index.php\/wp-json\/wp\/v2\/categories?post=224833"},{"taxonomy":"post_tag","embeddable":true,"href":"https:\/\/corrientesdetarde.com\/index.php\/wp-json\/wp\/v2\/tags?post=224833"}],"curies":[{"name":"wp","href":"https:\/\/api.w.org\/{rel}","templated":true}]}}