{"id":224875,"date":"2025-08-30T11:54:13","date_gmt":"2025-08-30T14:54:13","guid":{"rendered":"https:\/\/corrientesdetarde.com\/?p=224875"},"modified":"2025-08-30T11:54:18","modified_gmt":"2025-08-30T14:54:18","slug":"video-asesinaron-a-tiros-al-expresidente-del-parlamento-de-ucrania","status":"publish","type":"post","link":"https:\/\/corrientesdetarde.com\/index.php\/informacion-general\/video-asesinaron-a-tiros-al-expresidente-del-parlamento-de-ucrania\/","title":{"rendered":"V\u00eddeo: asesinaron a tiros al expresidente del Parlamento de Ucrania"},"content":{"rendered":"\n<p>El diputado ucraniano Andrii Parubii, expresidente del Parlamento, fue asesinado a tiros este s\u00e1bado en Le\u00f3polis, en el oeste del pa\u00eds, indicaron las autoridades.<\/p>\n\n\n\n<p>&nbsp;La polic\u00eda ucraniana report\u00f3 que &#8220;una personalidad p\u00fablica y pol\u00edtica y bastante conocida&#8221; hab\u00eda muerto &#8220;a causa de sus heridas&#8221;. El crimen ocurri\u00f3 alrededor del mediod\u00eda en el distrito de Sykhiv.<\/p>\n\n\n\n<p>El presidente, Volodimir Zelenski, precis\u00f3 despu\u00e9s que se trataba de Andrii Parubii, de 54 a\u00f1os y quien fue presidente del Parlamento ucraniano entre 2016 y 2019.<\/p>\n\n\n\n<p>Zelenski lament\u00f3 un &#8220;horrible asesinato&#8221;, y prometi\u00f3 una investigaci\u00f3n para esclarecer las circunstancias y los motivos por los que fue disparado.<\/p>\n\n\n\n<p>&#8220;El ministro del Interior de Ucrania, Ihor Klymenko; y el fiscal general, Ruslan Kravchenko, acaban de informar sobre las primeras circunstancias conocidas del horrendo asesinato en Lviv (Le\u00f3polis). Andriy Parubiy fue asesinado. Mi m\u00e1s sentido p\u00e9same a su familia y seres queridos&#8221;, escribi\u00f3 Zelenski en su cuenta en la red social X.<\/p>\n\n\n\n<p>&#8220;En la investigaci\u00f3n y b\u00fasqueda del asesino se est\u00e1n empleando todas las fuerzas y medios necesarios&#8221;, complet\u00f3.<\/p>\n\n\n\n<p><strong>El momento del crimen: el asesino iba vestido de repartidor<\/strong><\/p>\n\n\n\n<p>El crimen qued\u00f3 registrado por una c\u00e1mara de seguridad. En el video se ve a Parubii caminar por la calle, vestido con ropa deportiva y con un bolso en la mano, cuando un hombre vestido de repartidor y que llevaba una mochila t\u00e9rmica se le acerc\u00f3 por detr\u00e1s y le dispar\u00f3 antes de darse a la fuga en una bicicleta el\u00e9ctrica.<\/p>\n\n\n\n<p>https:\/\/platform.twitter.com\/embed\/Tweet.html?dnt=false&#038;embedId=twitter-widget-0&#038;features=eyJ0ZndfdGltZWxpbmVfbGlzdCI6eyJidWNrZXQiOltdLCJ2ZXJzaW9uIjpudWxsfSwidGZ3X2ZvbGxvd2VyX2NvdW50X3N1bnNldCI6eyJidWNrZXQiOnRydWUsInZlcnNpb24iOm51bGx9LCJ0ZndfdHdlZXRfZWRpdF9iYWNrZW5kIjp7ImJ1Y2tldCI6Im9uIiwidmVyc2lvbiI6bnVsbH0sInRmd19yZWZzcmNfc2Vzc2lvbiI6eyJidWNrZXQiOiJvbiIsInZlcnNpb24iOm51bGx9LCJ0ZndfZm9zbnJfc29mdF9pbnRlcnZlbnRpb25zX2VuYWJsZWQiOnsiYnVja2V0Ijoib24iLCJ2ZXJzaW9uIjpudWxsfSwidGZ3X21peGVkX21lZGlhXzE1ODk3Ijp7ImJ1Y2tldCI6InRyZWF0bWVudCIsInZlcnNpb24iOm51bGx9LCJ0ZndfZXhwZXJpbWVudHNfY29va2llX2V4cGlyYXRpb24iOnsiYnVja2V0IjoxMjA5NjAwLCJ2ZXJzaW9uIjpudWxsfSwidGZ3X3Nob3dfYmlyZHdhdGNoX3Bpdm90c19lbmFibGVkIjp7ImJ1Y2tldCI6Im9uIiwidmVyc2lvbiI6bnVsbH0sInRmd19kdXBsaWNhdGVfc2NyaWJlc190b19zZXR0aW5ncyI6eyJidWNrZXQiOiJvbiIsInZlcnNpb24iOm51bGx9LCJ0ZndfdXNlX3Byb2ZpbGVfaW1hZ2Vfc2hhcGVfZW5hYmxlZCI6eyJidWNrZXQiOiJvbiIsInZlcnNpb24iOm51bGx9LCJ0ZndfdmlkZW9faGxzX2R5bmFtaWNfbWFuaWZlc3RzXzE1MDgyIjp7ImJ1Y2tldCI6InRydWVfYml0cmF0ZSIsInZlcnNpb24iOm51bGx9LCJ0ZndfbGVnYWN5X3RpbWVsaW5lX3N1bnNldCI6eyJidWNrZXQiOnRydWUsInZlcnNpb24iOm51bGx9LCJ0ZndfdHdlZXRfZWRpdF9mcm9udGVuZCI6eyJidWNrZXQiOiJvbiIsInZlcnNpb24iOm51bGx9fQ%3D%3D&#038;frame=false&#038;hideCard=false&#038;hideThread=false&#038;id=1961746319598333969&#038;lang=es&#038;maxWidth=560px&#038;origin=https%3A%2F%2Fwww.diarioepoca.com%2F1361231-video-asesinaron-a-tiros-al-expresidente-del-parlamento-de-ucrania&#038;sessionId=7b4ee2daabce01088003fb332c13c8a4d994ebd3&#038;theme=light&#038;widgetsVersion=2615f7e52b7e0%3A1702314776716&#038;width=550px<\/p>\n\n\n\n<p>Seg\u00fan la prensa ucraniana, Parubii recibi\u00f3 cinco impactos, aunque en el lugar la polic\u00eda hall\u00f3 siete casquillos.<\/p>\n\n\n\n<p>Las autoridades indicaron que est\u00e1n buscando al autor del ataque.<\/p>\n\n\n\n<figure class=\"wp-block-embed is-type-rich is-provider-twitter wp-block-embed-twitter\"><div class=\"wp-block-embed__wrapper\">\n<blockquote class=\"twitter-tweet\" data-width=\"550\" data-dnt=\"true\"><p lang=\"es\" dir=\"ltr\">\u2757\ufe0fMomento exacto del asesinato del\u00a0pol\u00edtico y expresidente de la Rada Suprema (Parlamento ucraniano) Andr\u00e9i Parubi<br><br>\ud83d\udd87\ufe0f<a href=\"https:\/\/t.co\/SG3rvKraFk\">https:\/\/t.co\/SG3rvKraFk<\/a> <a href=\"https:\/\/t.co\/SFuIsff3vm\">https:\/\/t.co\/SFuIsff3vm<\/a> <a href=\"https:\/\/t.co\/7yttDjZih8\">pic.twitter.com\/7yttDjZih8<\/a><\/p>&mdash; RT en Espa\u00f1ol (@ActualidadRT) <a href=\"https:\/\/twitter.com\/ActualidadRT\/status\/1961746319598333969?ref_src=twsrc%5Etfw\">August 30, 2025<\/a><\/blockquote><script async src=\"https:\/\/platform.twitter.com\/widgets.js\" charset=\"utf-8\"><\/script>\n<\/div><\/figure>\n\n\n\n<p><strong>Una figura de las protestas del Maid\u00e1n<\/strong><\/p>\n\n\n\n<p>Parubii hab\u00eda participado en los movimientos proeuropeos en Ucrania, primero en la &#8220;Revoluci\u00f3n Naranja&#8221; de 2004 y luego en la de Maid\u00e1n en 2014.<\/p>\n\n\n\n<p>Entonces actu\u00f3 como comandante de la &#8220;Autodefensa de Maid\u00e1n&#8221;, una fuerza de seguridad improvisada que proteg\u00eda a los manifestantes de las tropas del Ministerio del Interior, controladas por el entonces presidente Viktor Yanukovych, record\u00f3 el Kyiv Post.<\/p>\n\n\n\n<p>El pol\u00edtico fue, entre febrero y agosto de 2014, secretario del Consejo de Defensa y Seguridad Nacional. Su papel en ese cargo durante la ocupaci\u00f3n ilegal de Crimea y la ofensiva de los prorrusos en el Donb\u00e1s lo volvi\u00f3 un objetivo usual de la desinformaci\u00f3n rusa.<\/p>\n\n\n\n<p>Ruslan Stefanchuk, el actual presidente del Parlamento, calific\u00f3 a Parubii de &#8220;defensor constante del Estado ucraniano&#8221;.<\/p>\n\n\n\n<p>&#8220;En nombre de la Verjovna Rada de Ucrania, expreso mis condolencias a la familia y amigos de Andrii&#8221;, declar\u00f3 Stefanchuk en un comunicado p\u00fablico. A Parubii le sobreviven su esposa y su hija.<\/p>\n","protected":false},"excerpt":{"rendered":"<p>El diputado ucraniano Andrii Parubii, expresidente del Parlamento, fue asesinado a tiros este s\u00e1bado en Le\u00f3polis, en el oeste del pa\u00eds, indicaron las autoridades. &nbsp;La polic\u00eda ucraniana report\u00f3 que &#8220;una&hellip; <\/p>\n","protected":false},"author":1,"featured_media":224884,"comment_status":"closed","ping_status":"open","sticky":false,"template":"","format":"standard","meta":{"footnotes":""},"categories":[1],"tags":[],"class_list":["post-224875","post","type-post","status-publish","format-standard","has-post-thumbnail","hentry","category-informacion-general"],"_links":{"self":[{"href":"https:\/\/corrientesdetarde.com\/index.php\/wp-json\/wp\/v2\/posts\/224875","targetHints":{"allow":["GET"]}}],"collection":[{"href":"https:\/\/corrientesdetarde.com\/index.php\/wp-json\/wp\/v2\/posts"}],"about":[{"href":"https:\/\/corrientesdetarde.com\/index.php\/wp-json\/wp\/v2\/types\/post"}],"author":[{"embeddable":true,"href":"https:\/\/corrientesdetarde.com\/index.php\/wp-json\/wp\/v2\/users\/1"}],"replies":[{"embeddable":true,"href":"https:\/\/corrientesdetarde.com\/index.php\/wp-json\/wp\/v2\/comments?post=224875"}],"version-history":[{"count":1,"href":"https:\/\/corrientesdetarde.com\/index.php\/wp-json\/wp\/v2\/posts\/224875\/revisions"}],"predecessor-version":[{"id":224885,"href":"https:\/\/corrientesdetarde.com\/index.php\/wp-json\/wp\/v2\/posts\/224875\/revisions\/224885"}],"wp:featuredmedia":[{"embeddable":true,"href":"https:\/\/corrientesdetarde.com\/index.php\/wp-json\/wp\/v2\/media\/224884"}],"wp:attachment":[{"href":"https:\/\/corrientesdetarde.com\/index.php\/wp-json\/wp\/v2\/media?parent=224875"}],"wp:term":[{"taxonomy":"category","embeddable":true,"href":"https:\/\/corrientesdetarde.com\/index.php\/wp-json\/wp\/v2\/categories?post=224875"},{"taxonomy":"post_tag","embeddable":true,"href":"https:\/\/corrientesdetarde.com\/index.php\/wp-json\/wp\/v2\/tags?post=224875"}],"curies":[{"name":"wp","href":"https:\/\/api.w.org\/{rel}","templated":true}]}}