{"id":224876,"date":"2025-08-30T11:52:33","date_gmt":"2025-08-30T14:52:33","guid":{"rendered":"https:\/\/corrientesdetarde.com\/?p=224876"},"modified":"2025-08-30T11:52:37","modified_gmt":"2025-08-30T14:52:37","slug":"colapinto-largara-decimosexto-en-el-gran-premio-de-paises-bajos","status":"publish","type":"post","link":"https:\/\/corrientesdetarde.com\/index.php\/deportes\/colapinto-largara-decimosexto-en-el-gran-premio-de-paises-bajos\/","title":{"rendered":"Colapinto largar\u00e1 decimosexto en el Gran Premio de Pa\u00edses Bajos"},"content":{"rendered":"\n<p>Franco Colapinto largar\u00e1 16\u00b0 en la carrera Gran Premio de los Pa\u00edses Bajos por un nuevo fin de semana de la F\u00f3rmula 1. Ven\u00eda de ser 20\u00b0 en la \u00faltima pr\u00e1ctica libre de este s\u00e1bado.<\/p>\n\n\n\n<p>Tras el 9\u00b0 puesto del viernes, el piloto de Alpine no logr\u00f3 mantenerse en dicho pelot\u00f3n. Colapinto no alcanz\u00f3 a avanzar a la Q2 por muy poco, ya que se ubic\u00f3 solo a 0.067 del corte, y a pesar de haber avanzado algunas posiciones en las \u00faltimas vueltas. Qued\u00f3 eliminado junto a Lance Stroll, Oliver Bearman, Esteban Ocon y Nico Hulkenberg.<br>&nbsp;<br>Tampoco fue una buena jornada para los Alpine en la \u00faltima pr\u00e1ctica libre: tanto Franco Colapinto como Pierre Gasly quedaron lejos de los primeros puestos ya que el primero fue 20\u00b0 (+2.082) y el segundo 19\u00b0 (+1.991).<\/p>\n\n\n\n<p>Durante la pr\u00e1ctica del viernes, el piloto de Alpine se hab\u00eda mantenido durante varias vueltas en la \u00faltima posici\u00f3n, y si bien logr\u00f3 escalar dos lugares, se mantuvo en el fondo de la grilla. El argentino realiz\u00f3 un tiempo de 1:12.276 y qued\u00f3 a poco menos de dos segundos del l\u00edder de la sesi\u00f3n, Lando Norris (1:10.278). Pierre Gasly, el otro piloto de Alpine, termin\u00f3 d\u00e9cimo a 1.335 del brit\u00e1nico.<\/p>\n\n\n\n<p>Horas despu\u00e9s, en el segundo entrenamiento, Colapinto cerr\u00f3 una gran jornada ya que termin\u00f3 noveno, con una marca de 1:10.957. Lando Norris volvi\u00f3 a ser el mejor con un tiempo de 1.09.890. Luego, Fernando Alonso y Oscar Piastri completaron el podio a menos de una d\u00e9cima del brit\u00e1nico.<br>&nbsp;<br>El domingo ser\u00e1 la gran carrera, pero antes afrontar\u00e1 la clasificaci\u00f3n, momento donde se decidir\u00e1n los lugares de la grilla.<\/p>\n","protected":false},"excerpt":{"rendered":"<p>Franco Colapinto largar\u00e1 16\u00b0 en la carrera Gran Premio de los Pa\u00edses Bajos por un nuevo fin de semana de la F\u00f3rmula 1. Ven\u00eda de ser 20\u00b0 en la \u00faltima&hellip; <\/p>\n","protected":false},"author":1,"featured_media":210882,"comment_status":"closed","ping_status":"open","sticky":false,"template":"","format":"standard","meta":{"footnotes":""},"categories":[4],"tags":[],"class_list":["post-224876","post","type-post","status-publish","format-standard","has-post-thumbnail","hentry","category-deportes"],"_links":{"self":[{"href":"https:\/\/corrientesdetarde.com\/index.php\/wp-json\/wp\/v2\/posts\/224876","targetHints":{"allow":["GET"]}}],"collection":[{"href":"https:\/\/corrientesdetarde.com\/index.php\/wp-json\/wp\/v2\/posts"}],"about":[{"href":"https:\/\/corrientesdetarde.com\/index.php\/wp-json\/wp\/v2\/types\/post"}],"author":[{"embeddable":true,"href":"https:\/\/corrientesdetarde.com\/index.php\/wp-json\/wp\/v2\/users\/1"}],"replies":[{"embeddable":true,"href":"https:\/\/corrientesdetarde.com\/index.php\/wp-json\/wp\/v2\/comments?post=224876"}],"version-history":[{"count":1,"href":"https:\/\/corrientesdetarde.com\/index.php\/wp-json\/wp\/v2\/posts\/224876\/revisions"}],"predecessor-version":[{"id":224882,"href":"https:\/\/corrientesdetarde.com\/index.php\/wp-json\/wp\/v2\/posts\/224876\/revisions\/224882"}],"wp:featuredmedia":[{"embeddable":true,"href":"https:\/\/corrientesdetarde.com\/index.php\/wp-json\/wp\/v2\/media\/210882"}],"wp:attachment":[{"href":"https:\/\/corrientesdetarde.com\/index.php\/wp-json\/wp\/v2\/media?parent=224876"}],"wp:term":[{"taxonomy":"category","embeddable":true,"href":"https:\/\/corrientesdetarde.com\/index.php\/wp-json\/wp\/v2\/categories?post=224876"},{"taxonomy":"post_tag","embeddable":true,"href":"https:\/\/corrientesdetarde.com\/index.php\/wp-json\/wp\/v2\/tags?post=224876"}],"curies":[{"name":"wp","href":"https:\/\/api.w.org\/{rel}","templated":true}]}}