{"id":224887,"date":"2025-08-30T11:58:08","date_gmt":"2025-08-30T14:58:08","guid":{"rendered":"https:\/\/corrientesdetarde.com\/?p=224887"},"modified":"2025-08-30T11:58:19","modified_gmt":"2025-08-30T14:58:19","slug":"por-las-elecciones-registro-civil-de-corrientes-abrira-este-domingo-para-entregar-dni","status":"publish","type":"post","link":"https:\/\/corrientesdetarde.com\/index.php\/informacion-general\/por-las-elecciones-registro-civil-de-corrientes-abrira-este-domingo-para-entregar-dni\/","title":{"rendered":"Por las elecciones, Registro Civil de Corrientes abrir\u00e1 este domingo para entregar DNI"},"content":{"rendered":"\n<p>En el marco de las elecciones provinciales de este domingo 31 de agosto, el&nbsp;<strong>Registro Provincial de las Personas<\/strong>&nbsp;inform\u00f3 que permanecer\u00e1 abierto para garantizar que los ciudadanos puedan contar con su&nbsp;<strong>Documento Nacional de Identidad (DNI)<\/strong>&nbsp;y ejercer su derecho al voto.<\/p>\n\n\n\n<p>La atenci\u00f3n ser\u00e1 en la&nbsp;<strong>sede central de la Capital<\/strong>&nbsp;y en diversas delegaciones del interior que tengan documentos disponibles para entrega. El horario establecido ser\u00e1 de&nbsp;<strong>8 a 17:30<\/strong>, exclusivamente para la entrega de DNI ya tramitados.<\/p>\n\n\n\n<p>Actualmente, se encuentran disponibles&nbsp;<strong>m\u00e1s de 470 documentos en la oficina central de Corrientes<\/strong>, a la espera de ser retirados. Desde la instituci\u00f3n recordaron que durante las \u00faltimas semanas se realizaron m\u00faltiples operativos y se aceleraron los tr\u00e1mites de documentaci\u00f3n para facilitar el acceso a los ciudadanos.<\/p>\n\n\n\n<p>En comparaci\u00f3n con a\u00f1os anteriores, la cifra de documentos pendientes de entrega se redujo considerablemente. Mientras que en otras \u00e9pocas llegaron a acumularse m\u00e1s de 5.000 DNI sin retirar, hoy el stock no supera los 500.<\/p>\n","protected":false},"excerpt":{"rendered":"<p>En el marco de las elecciones provinciales de este domingo 31 de agosto, el&nbsp;Registro Provincial de las Personas&nbsp;inform\u00f3 que permanecer\u00e1 abierto para garantizar que los ciudadanos puedan contar con su&nbsp;Documento&hellip; <\/p>\n","protected":false},"author":1,"featured_media":224869,"comment_status":"closed","ping_status":"open","sticky":false,"template":"","format":"standard","meta":{"footnotes":""},"categories":[1],"tags":[],"class_list":["post-224887","post","type-post","status-publish","format-standard","has-post-thumbnail","hentry","category-informacion-general"],"_links":{"self":[{"href":"https:\/\/corrientesdetarde.com\/index.php\/wp-json\/wp\/v2\/posts\/224887","targetHints":{"allow":["GET"]}}],"collection":[{"href":"https:\/\/corrientesdetarde.com\/index.php\/wp-json\/wp\/v2\/posts"}],"about":[{"href":"https:\/\/corrientesdetarde.com\/index.php\/wp-json\/wp\/v2\/types\/post"}],"author":[{"embeddable":true,"href":"https:\/\/corrientesdetarde.com\/index.php\/wp-json\/wp\/v2\/users\/1"}],"replies":[{"embeddable":true,"href":"https:\/\/corrientesdetarde.com\/index.php\/wp-json\/wp\/v2\/comments?post=224887"}],"version-history":[{"count":1,"href":"https:\/\/corrientesdetarde.com\/index.php\/wp-json\/wp\/v2\/posts\/224887\/revisions"}],"predecessor-version":[{"id":224889,"href":"https:\/\/corrientesdetarde.com\/index.php\/wp-json\/wp\/v2\/posts\/224887\/revisions\/224889"}],"wp:featuredmedia":[{"embeddable":true,"href":"https:\/\/corrientesdetarde.com\/index.php\/wp-json\/wp\/v2\/media\/224869"}],"wp:attachment":[{"href":"https:\/\/corrientesdetarde.com\/index.php\/wp-json\/wp\/v2\/media?parent=224887"}],"wp:term":[{"taxonomy":"category","embeddable":true,"href":"https:\/\/corrientesdetarde.com\/index.php\/wp-json\/wp\/v2\/categories?post=224887"},{"taxonomy":"post_tag","embeddable":true,"href":"https:\/\/corrientesdetarde.com\/index.php\/wp-json\/wp\/v2\/tags?post=224887"}],"curies":[{"name":"wp","href":"https:\/\/api.w.org\/{rel}","templated":true}]}}