{"id":224905,"date":"2025-08-30T22:08:58","date_gmt":"2025-08-31T01:08:58","guid":{"rendered":"https:\/\/corrientesdetarde.com\/?p=224905"},"modified":"2025-08-30T22:10:55","modified_gmt":"2025-08-31T01:10:55","slug":"shakira-y-antonito-de-la-rua-reconciliados-las-pruebas-que-convierten-al-rumor-en-realidad","status":"publish","type":"post","link":"https:\/\/corrientesdetarde.com\/index.php\/espectaculos\/shakira-y-antonito-de-la-rua-reconciliados-las-pruebas-que-convierten-al-rumor-en-realidad\/","title":{"rendered":"Shakira y Antonito de la R\u00faa \u00bfreconciliados? Las pruebas que convierten al rumor en realidad"},"content":{"rendered":"\n<p>Shakira vuelve a generar revuelo, pero esta vez no por un nuevo lanzamiento musical ni por temas legales, sino por lo que podr\u00eda ser uno de los regresos amorosos m\u00e1s sorprendentes del espect\u00e1culo. A m\u00e1s de 20 a\u00f1os de su separaci\u00f3n de Antonio de la R\u00faa, la cantante fue vista junto a su expareja, y las especulaciones sobre una posible reconciliaci\u00f3n no tardaron en explotar en redes sociales.<\/p>\n\n\n\n<p><\/p>\n\n\n\n<p><br>Los fans no solo se han mostrado entusiasmados, sino que aseguran haber encontrado &#8220;pruebas&#8221; que indicar\u00edan que algo m\u00e1s que una amistad los une nuevamente. \u00bfCoincidencias o se\u00f1ales claras de que el romance podr\u00eda estar renaciendo? Aqu\u00ed repasamos lo que se sabe hasta ahora.<br>&nbsp;<\/p>\n\n\n\n<p><strong>Las pistas que avivan la ilusi\u00f3n de los fans<\/strong><br>Una aparici\u00f3n p\u00fablica compartida: Shakira y Antonio fueron vistos recientemente en el pasillo de un palco en el estadio Petco Park, hogar de los Padres de San Diego, durante un evento. La imagen r\u00e1pidamente se volvi\u00f3 viral.<\/p>\n\n\n\n<p><br>La presencia de sus hijos: En ese mismo encuentro, tambi\u00e9n se registr\u00f3 la presencia de los hijos de ambos, lo que despert\u00f3 a\u00fan m\u00e1s sospechas entre sus seguidores. Para muchos, la reuni\u00f3n en un entorno tan familiar y p\u00fablico no ser\u00eda casual.<\/p>\n\n\n\n<p><br>Una canci\u00f3n con su historia: Durante su show en M\u00e9xico, como parte de su gira &#8220;Las Mujeres Ya No Lloran World Tour&#8221;, Shakira incluy\u00f3 en el setlist la canci\u00f3n &#8220;D\u00edas de Enero&#8221;, un tema compuesto exclusivamente para Antonio durante los a\u00f1os de su relaci\u00f3n.<br>&nbsp;<br><strong>Sin confirmaciones, pero sin esconderse<\/strong><\/p>\n\n\n\n<p><br>Hasta el momento, ni Shakira ni Antonio de la R\u00faa se han pronunciado oficialmente sobre la situaci\u00f3n. Sin embargo, el hecho de que no hayan intentado ocultar sus recientes encuentros sugiere que no est\u00e1n interesados en mantener el asunto fuera del ojo p\u00fablico.<\/p>\n\n\n\n<p>Cabe recordar que la pareja fue una de las m\u00e1s seguidas a principios del milenio y compartieron una historia de amor que dur\u00f3 diez a\u00f1os. Aunque tomaron caminos separados en 2010, hoy los rumores de una posible segunda vuelta despiertan nostalgia y emoci\u00f3n entre sus seguidores de todo el mundo.<\/p>\n","protected":false},"excerpt":{"rendered":"<p>Shakira vuelve a generar revuelo, pero esta vez no por un nuevo lanzamiento musical ni por temas legales, sino por lo que podr\u00eda ser uno de los regresos amorosos m\u00e1s&hellip; <\/p>\n","protected":false},"author":1,"featured_media":224909,"comment_status":"closed","ping_status":"open","sticky":false,"template":"","format":"standard","meta":{"footnotes":""},"categories":[26,19],"tags":[],"class_list":["post-224905","post","type-post","status-publish","format-standard","has-post-thumbnail","hentry","category-destacados","category-espectaculos"],"_links":{"self":[{"href":"https:\/\/corrientesdetarde.com\/index.php\/wp-json\/wp\/v2\/posts\/224905","targetHints":{"allow":["GET"]}}],"collection":[{"href":"https:\/\/corrientesdetarde.com\/index.php\/wp-json\/wp\/v2\/posts"}],"about":[{"href":"https:\/\/corrientesdetarde.com\/index.php\/wp-json\/wp\/v2\/types\/post"}],"author":[{"embeddable":true,"href":"https:\/\/corrientesdetarde.com\/index.php\/wp-json\/wp\/v2\/users\/1"}],"replies":[{"embeddable":true,"href":"https:\/\/corrientesdetarde.com\/index.php\/wp-json\/wp\/v2\/comments?post=224905"}],"version-history":[{"count":1,"href":"https:\/\/corrientesdetarde.com\/index.php\/wp-json\/wp\/v2\/posts\/224905\/revisions"}],"predecessor-version":[{"id":224910,"href":"https:\/\/corrientesdetarde.com\/index.php\/wp-json\/wp\/v2\/posts\/224905\/revisions\/224910"}],"wp:featuredmedia":[{"embeddable":true,"href":"https:\/\/corrientesdetarde.com\/index.php\/wp-json\/wp\/v2\/media\/224909"}],"wp:attachment":[{"href":"https:\/\/corrientesdetarde.com\/index.php\/wp-json\/wp\/v2\/media?parent=224905"}],"wp:term":[{"taxonomy":"category","embeddable":true,"href":"https:\/\/corrientesdetarde.com\/index.php\/wp-json\/wp\/v2\/categories?post=224905"},{"taxonomy":"post_tag","embeddable":true,"href":"https:\/\/corrientesdetarde.com\/index.php\/wp-json\/wp\/v2\/tags?post=224905"}],"curies":[{"name":"wp","href":"https:\/\/api.w.org\/{rel}","templated":true}]}}