{"id":224906,"date":"2025-08-30T20:40:03","date_gmt":"2025-08-30T23:40:03","guid":{"rendered":"https:\/\/corrientesdetarde.com\/?p=224906"},"modified":"2025-08-30T20:40:10","modified_gmt":"2025-08-30T23:40:10","slug":"asesinaron-a-una-joven-que-trabajaba-como-chofer-de-aplicacion","status":"publish","type":"post","link":"https:\/\/corrientesdetarde.com\/index.php\/crimen-y-justicia\/asesinaron-a-una-joven-que-trabajaba-como-chofer-de-aplicacion\/","title":{"rendered":"Asesinaron a una joven que trabajaba como chofer de aplicaci\u00f3n"},"content":{"rendered":"\n<p>Otro crimen ocurri\u00f3 este s\u00e1bado en el partido bonaerense de La Matanza, donde una joven de 24 a\u00f1os fue asesinada mientras trabajaba como chofer de una aplicaci\u00f3n de viajes. En el caso ya tom\u00f3 intervenci\u00f3n la Justicia y durante esta tarde se realizaban allanamientos en busca de sospechosos.<\/p>\n\n\n\n<p><\/p>\n\n\n\n<p>El hecho ocurri\u00f3 entre la 1 y las 2 de la madrugada. Fue en la localidad de Gonz\u00e1lez Cat\u00e1n. La v\u00edctima fue identificada como Candela Santa Mar\u00eda.<\/p>\n\n\n\n<p>&#8220;Le hicieron una cama&#8221;, cont\u00f3 su primo Fernando en di\u00e1logo con TN, quien explic\u00f3 que el crimen sucedi\u00f3 cuando ella se dirig\u00eda a levantar a un pasajero que hab\u00eda solicitado el viaje.<\/p>\n\n\n\n<p>Al llegar a la intersecci\u00f3n de las calles Coronel Ramos y La Bastilla, donde estaba el punto de encuentro con el supuesto usuario, este la asalt\u00f3 a mano armada y dispar\u00f3 contra ella para robarle su celular.<\/p>\n\n\n\n<p>Seg\u00fan contaron sus familiares a la prensa, Candela estaba a bordo de su veh\u00edculo Fiat Cronos cuando fue interceptada por el delincuente. El veh\u00edculo se lo hab\u00eda comprado recientemente y a\u00fan lo estaba pagando en cuotas. Para terminar de abonarlo, hab\u00eda decidido empezar a hacer traslados con distintas aplicaciones de viajes, ya que le generaban un ingreso extra.<\/p>\n\n\n\n<p>Tras el hecho, familiares y amigos de Candela convocaron una marcha para pedir Justicia. Desde la ma\u00f1ana de este s\u00e1bado, tanto allegados a la v\u00edctima como vecinos y autoconvocados cortan la Ruta 3, en el kil\u00f3metro 28, a la altura de Laferrere, para hacer el reclamo.<\/p>\n\n\n\n<p>En el marco de la manifestaci\u00f3n, su primo Fernando habl\u00f3 con TN y asegur\u00f3 que ellos ya identificaron al presunto homicida, que est\u00e1 pr\u00f3fugo. Las c\u00e1maras de seguridad habr\u00edan registrado al hombre escapando.<\/p>\n\n\n\n<p>&#8220;Lo tenemos identificado y le pasamos la informaci\u00f3n a la polic\u00eda. Mi prima era muy conocida. Compro un Fiat Cronos cero km, a pagar. Hac\u00eda trabajitos para pagarlo. Le pidieron el auto por esta aplicaci\u00f3n porque la conoc\u00edan y le hicieron la cama&#8221;, enfatiz\u00f3 el hombre que encabeza el pedido de Justicia en la marcha.<\/p>\n\n\n\n<p>Y agreg\u00f3: &#8220;Le rob\u00f3 el celular, no el auto y la mat\u00f3. Seguro le rob\u00f3 plata. Es un fisura. Son todos fisuras. La conoc\u00edan, se ve que estaban pasados de droga y la mataron. El 9 de septiembre cumpl\u00eda 25 a\u00f1os. Fue entre la 1 y las dos de la ma\u00f1ana&#8221;.<\/p>\n\n\n\n<p>El caso est\u00e1 a cargo del fiscal Diego Rulli, de la UFI de homicidios, quien ya orden\u00f3 medidas en el marco de la causa. En este contexto, tom\u00f3 testimonios de testigos y para el mediod\u00eda de este s\u00e1bado continuaba recibiendo declaraciones testimoniales en la fiscal\u00eda.<\/p>\n\n\n\n<p><strong>Qui\u00e9n era la v\u00edctima<\/strong><\/p>\n\n\n\n<p>Candela Santa Mar\u00eda ten\u00eda 24 a\u00f1os y en 10 d\u00edas iba a cumplir sus 25. Viv\u00eda en la zona oeste del Conurbano bonaerense y sus allegados la definieron como una persona familiera, de muchos amigos y trabajadora.<\/p>\n\n\n\n<p>Seg\u00fan cont\u00f3 su primo Fernando, adem\u00e1s de su trabajo, hac\u00eda viajes con diferentes aplicaciones para ganar dinero extra. En las \u00faltimas semanas, le estaba dedicando m\u00e1s tiempo a esta otra ocupaci\u00f3n ya que le serv\u00eda para pagar las cuotas de su auto Fiat Cronos que se hab\u00eda comprado recientemente.<\/p>\n","protected":false},"excerpt":{"rendered":"<p>Otro crimen ocurri\u00f3 este s\u00e1bado en el partido bonaerense de La Matanza, donde una joven de 24 a\u00f1os fue asesinada mientras trabajaba como chofer de una aplicaci\u00f3n de viajes. En&hellip; <\/p>\n","protected":false},"author":1,"featured_media":224907,"comment_status":"closed","ping_status":"open","sticky":false,"template":"","format":"standard","meta":{"footnotes":""},"categories":[5],"tags":[],"class_list":["post-224906","post","type-post","status-publish","format-standard","has-post-thumbnail","hentry","category-crimen-y-justicia"],"_links":{"self":[{"href":"https:\/\/corrientesdetarde.com\/index.php\/wp-json\/wp\/v2\/posts\/224906","targetHints":{"allow":["GET"]}}],"collection":[{"href":"https:\/\/corrientesdetarde.com\/index.php\/wp-json\/wp\/v2\/posts"}],"about":[{"href":"https:\/\/corrientesdetarde.com\/index.php\/wp-json\/wp\/v2\/types\/post"}],"author":[{"embeddable":true,"href":"https:\/\/corrientesdetarde.com\/index.php\/wp-json\/wp\/v2\/users\/1"}],"replies":[{"embeddable":true,"href":"https:\/\/corrientesdetarde.com\/index.php\/wp-json\/wp\/v2\/comments?post=224906"}],"version-history":[{"count":1,"href":"https:\/\/corrientesdetarde.com\/index.php\/wp-json\/wp\/v2\/posts\/224906\/revisions"}],"predecessor-version":[{"id":224908,"href":"https:\/\/corrientesdetarde.com\/index.php\/wp-json\/wp\/v2\/posts\/224906\/revisions\/224908"}],"wp:featuredmedia":[{"embeddable":true,"href":"https:\/\/corrientesdetarde.com\/index.php\/wp-json\/wp\/v2\/media\/224907"}],"wp:attachment":[{"href":"https:\/\/corrientesdetarde.com\/index.php\/wp-json\/wp\/v2\/media?parent=224906"}],"wp:term":[{"taxonomy":"category","embeddable":true,"href":"https:\/\/corrientesdetarde.com\/index.php\/wp-json\/wp\/v2\/categories?post=224906"},{"taxonomy":"post_tag","embeddable":true,"href":"https:\/\/corrientesdetarde.com\/index.php\/wp-json\/wp\/v2\/tags?post=224906"}],"curies":[{"name":"wp","href":"https:\/\/api.w.org\/{rel}","templated":true}]}}