{"id":224912,"date":"2025-08-30T22:45:28","date_gmt":"2025-08-31T01:45:28","guid":{"rendered":"https:\/\/corrientesdetarde.com\/?p=224912"},"modified":"2025-08-30T22:45:30","modified_gmt":"2025-08-31T01:45:30","slug":"se-incendio-un-auto-en-ruta-provincial-n13","status":"publish","type":"post","link":"https:\/\/corrientesdetarde.com\/index.php\/informacion-general\/se-incendio-un-auto-en-ruta-provincial-n13\/","title":{"rendered":"Se incendi\u00f3 un auto en Ruta Provincial N\u00b013"},"content":{"rendered":"\n<p>En horas de la tarde, se registr\u00f3 el incendio de un autom\u00f3vil en plena Ruta Provincial N\u00b013. El fuego se propag\u00f3 por la banquina, por lo que dotaciones de bomberos debieron intervenir de inmediato para controlar ambas situaciones.<\/p>\n\n\n\n<p>Seg\u00fan indicaron, no se registraron heridos de gravedad. A\u00fan se desconocen los motivos del siniestro ocurrido en cercan\u00edas del matadero municipal de Mburucuy\u00e1.&nbsp;<\/p>\n\n\n\n<p>Los primeros datos indican que el propietario del veh\u00edcula volv\u00eda de hacer compras en Mburucuy\u00e1 y se dirig\u00eda a su hogar, en Pago de los Deseos. En el camino habr\u00eda ocurrido el hecho.&nbsp;<\/p>\n","protected":false},"excerpt":{"rendered":"<p>En horas de la tarde, se registr\u00f3 el incendio de un autom\u00f3vil en plena Ruta Provincial N\u00b013. El fuego se propag\u00f3 por la banquina, por lo que dotaciones de bomberos&hellip; <\/p>\n","protected":false},"author":1,"featured_media":224913,"comment_status":"closed","ping_status":"open","sticky":false,"template":"","format":"standard","meta":{"footnotes":""},"categories":[1],"tags":[],"class_list":["post-224912","post","type-post","status-publish","format-standard","has-post-thumbnail","hentry","category-informacion-general"],"_links":{"self":[{"href":"https:\/\/corrientesdetarde.com\/index.php\/wp-json\/wp\/v2\/posts\/224912","targetHints":{"allow":["GET"]}}],"collection":[{"href":"https:\/\/corrientesdetarde.com\/index.php\/wp-json\/wp\/v2\/posts"}],"about":[{"href":"https:\/\/corrientesdetarde.com\/index.php\/wp-json\/wp\/v2\/types\/post"}],"author":[{"embeddable":true,"href":"https:\/\/corrientesdetarde.com\/index.php\/wp-json\/wp\/v2\/users\/1"}],"replies":[{"embeddable":true,"href":"https:\/\/corrientesdetarde.com\/index.php\/wp-json\/wp\/v2\/comments?post=224912"}],"version-history":[{"count":1,"href":"https:\/\/corrientesdetarde.com\/index.php\/wp-json\/wp\/v2\/posts\/224912\/revisions"}],"predecessor-version":[{"id":224914,"href":"https:\/\/corrientesdetarde.com\/index.php\/wp-json\/wp\/v2\/posts\/224912\/revisions\/224914"}],"wp:featuredmedia":[{"embeddable":true,"href":"https:\/\/corrientesdetarde.com\/index.php\/wp-json\/wp\/v2\/media\/224913"}],"wp:attachment":[{"href":"https:\/\/corrientesdetarde.com\/index.php\/wp-json\/wp\/v2\/media?parent=224912"}],"wp:term":[{"taxonomy":"category","embeddable":true,"href":"https:\/\/corrientesdetarde.com\/index.php\/wp-json\/wp\/v2\/categories?post=224912"},{"taxonomy":"post_tag","embeddable":true,"href":"https:\/\/corrientesdetarde.com\/index.php\/wp-json\/wp\/v2\/tags?post=224912"}],"curies":[{"name":"wp","href":"https:\/\/api.w.org\/{rel}","templated":true}]}}