{"id":224915,"date":"2025-08-31T09:06:25","date_gmt":"2025-08-31T12:06:25","guid":{"rendered":"https:\/\/corrientesdetarde.com\/?p=224915"},"modified":"2025-08-31T09:06:36","modified_gmt":"2025-08-31T12:06:36","slug":"mas-de-mil-vehiculos-estaran-habilitados-para-el-acarreo-de-electores-a-las-escuelas","status":"publish","type":"post","link":"https:\/\/corrientesdetarde.com\/index.php\/destacados\/mas-de-mil-vehiculos-estaran-habilitados-para-el-acarreo-de-electores-a-las-escuelas\/","title":{"rendered":"M\u00e1s de mil veh\u00edculos estar\u00e1n habilitados para el acarreo de electores a las escuelas"},"content":{"rendered":"\n<p>Hoy los correntinos ir\u00e1n a las urnas para elegir al nuevo gobernador, autoridades municipales y representantes legislativos. En esta capital, los principales frentes pol\u00edticos que competir\u00e1n en estas elecciones contrataron m\u00e1s de mil veh\u00edculos para hacer el acarreo de electores hacia los centros de votaci\u00f3n.<\/p>\n\n\n\n<p><\/p>\n\n\n\n<p>Esta pr\u00e1ctica ya habitual por parte del esquema log\u00edstico de cada partido, significa una buena oportunidad para los trabajadores del transporte liviano de la ciudad (principalmente remiseros, taxistas, conductores de servicio de plataformas tipo Uber y de colectivitos escolares) de ganarse unos pesos extra en un d\u00eda domingo,.<\/p>\n\n\n\n<p>Seg\u00fan lo informado desde el sector remisero, la mayor\u00eda de los choferes y propietarios que brindar\u00e1 el traslado de sufragantes (de 8 a 18) hacia las urnas acord\u00f3 un monto estimado en 90 mil pesos. De ese total, la mitad se percibe en efectivo y el resto en vales de nafta.<\/p>\n\n\n\n<p>En ese sentido, vale agregar que algunos coches particulares aceptaron hacer la citada operatoria por 70 mil pesos y algunas combis cerraron el trato por 100 mil pesos (su capacidad de traslado es considerablemente mayor que un auto o camioneta). Algunas motos tambi\u00e9n fueron contratadas por montos que no trascendieron, aunque se entiende que son inferiores a los entregados a los rodados de mayor porte.<\/p>\n\n\n\n<p>En virtud de ello, se dialog\u00f3 ayer con el titular de la Asociaci\u00f3n de Remises de Corrientes, Juan Castillo, quien puntualiz\u00f3 que hasta entrada la tarde los diferentes partidos segu\u00edan negociando para sumar unidades a su log\u00edstica.<\/p>\n\n\n\n<p>&#8220;A las personas que habitualmente usan el servicio de remises durante los domingos, queremos informarles que el 35% del parque automotor del sector trabajar\u00e1 como un domingo normal. Puede que en las horas pico haya demoras o dificultad para conseguir unidades&#8221;, aclar\u00f3 el vocero.<\/p>\n\n\n\n<p>Por \u00faltimo, hay que tener en cuenta que seg\u00fan el pron\u00f3stico meteorol\u00f3gico es probable que hoy arrecien lluvias sobre la ciudad. Atento a ese posible escenario es que el acarreo de electores tomar\u00eda un rol preponderante la contienda electoral.<\/p>\n\n\n\n<h2 class=\"wp-block-heading\">Colectivos urbanos gratis de 7 a 19<\/h2>\n\n\n\n<figure class=\"wp-block-image\"><img decoding=\"async\" src=\"https:\/\/www.diarioepoca.com\/content\/bucket\/8\/1446378w380h581c.jpg.webp\" alt=\"\"\/><\/figure>\n\n\n\n<p>La Municipalidad de Corrientes inform\u00f3 que hoy el servicio de colectivos ser\u00e1 gratuito en el horario de 7 a 19, facilitando as\u00ed el traslado de los electores a los diferentes centros de votaci\u00f3n en el marco de las elecciones provinciales.<\/p>\n\n\n\n<p>Esta medida, que se implementa de manera continua desde 2011, busca garantizar que todos los vecinos puedan cumplir con su deber c\u00edvico. La iniciativa abarca a todas las empresas prestatarias del servicio urbano de pasajeros en la ciudad de Corrientes y a sus diferentes ramales, asegurando una amplia cobertura y accesibilidad para todos los ciudadanos.<\/p>\n\n\n\n<p>Desde la Secretar\u00eda de Movilidad y Seguridad Ciudadana se destac\u00f3 el compromiso del Municipio con el fortalecimiento de la democracia y la promoci\u00f3n de la participaci\u00f3n ciudadana en los procesos electorales.<\/p>\n\n\n\n<p>La gratuidad del transporte p\u00fablico en las elecciones no es una medida aislada en Corrientes. A nivel nacional, muchas provincias tambi\u00e9n implementan esta pol\u00edtica para facilitar el acceso al voto.<\/p>\n\n\n\n<p>En las elecciones Primarias Abiertas Simult\u00e1neas y Obligatorias (PASO) de 2023, por ejemplo, todas las provincias argentinas, a excepci\u00f3n de Jujuy y Tierra del Fuego, ofrecieron transporte p\u00fablico gratuito (colectivos y trenes), con financiamiento del Gobierno nacional.<\/p>\n\n\n\n<p>Con esta medida, la ciudad de Corrientes reafirma su compromiso con la democracia y la participaci\u00f3n ciudadana garantizando que todas las personas tengan la oportunidad de ejercer su derecho al voto de manera libre y sin barreras econ\u00f3micas. Cabe recordar que en esta provincia se elegir\u00e1 gobernador, vicegobernador, intendente, viceintendente, diputados, senadores y concejales.<\/p>\n\n\n\n<h2 class=\"wp-block-heading\">Alternativa<\/h2>\n\n\n\n<p><br>La gratuidad en el transporte urbano de pasajeros sumar\u00e1 una alternativa a toda la log\u00edstica de acarreo de votantes que preparan los principales frentes pol\u00edticos, que en Capital sumar\u00e1 un total de m\u00e1s de mil veh\u00edculos (ver nota principal).<\/p>\n","protected":false},"excerpt":{"rendered":"<p>Hoy los correntinos ir\u00e1n a las urnas para elegir al nuevo gobernador, autoridades municipales y representantes legislativos. En esta capital, los principales frentes pol\u00edticos que competir\u00e1n en estas elecciones contrataron&hellip; <\/p>\n","protected":false},"author":1,"featured_media":224925,"comment_status":"closed","ping_status":"open","sticky":false,"template":"","format":"standard","meta":{"footnotes":""},"categories":[26],"tags":[],"class_list":["post-224915","post","type-post","status-publish","format-standard","has-post-thumbnail","hentry","category-destacados"],"_links":{"self":[{"href":"https:\/\/corrientesdetarde.com\/index.php\/wp-json\/wp\/v2\/posts\/224915","targetHints":{"allow":["GET"]}}],"collection":[{"href":"https:\/\/corrientesdetarde.com\/index.php\/wp-json\/wp\/v2\/posts"}],"about":[{"href":"https:\/\/corrientesdetarde.com\/index.php\/wp-json\/wp\/v2\/types\/post"}],"author":[{"embeddable":true,"href":"https:\/\/corrientesdetarde.com\/index.php\/wp-json\/wp\/v2\/users\/1"}],"replies":[{"embeddable":true,"href":"https:\/\/corrientesdetarde.com\/index.php\/wp-json\/wp\/v2\/comments?post=224915"}],"version-history":[{"count":1,"href":"https:\/\/corrientesdetarde.com\/index.php\/wp-json\/wp\/v2\/posts\/224915\/revisions"}],"predecessor-version":[{"id":224926,"href":"https:\/\/corrientesdetarde.com\/index.php\/wp-json\/wp\/v2\/posts\/224915\/revisions\/224926"}],"wp:featuredmedia":[{"embeddable":true,"href":"https:\/\/corrientesdetarde.com\/index.php\/wp-json\/wp\/v2\/media\/224925"}],"wp:attachment":[{"href":"https:\/\/corrientesdetarde.com\/index.php\/wp-json\/wp\/v2\/media?parent=224915"}],"wp:term":[{"taxonomy":"category","embeddable":true,"href":"https:\/\/corrientesdetarde.com\/index.php\/wp-json\/wp\/v2\/categories?post=224915"},{"taxonomy":"post_tag","embeddable":true,"href":"https:\/\/corrientesdetarde.com\/index.php\/wp-json\/wp\/v2\/tags?post=224915"}],"curies":[{"name":"wp","href":"https:\/\/api.w.org\/{rel}","templated":true}]}}