{"id":224917,"date":"2025-08-31T09:03:02","date_gmt":"2025-08-31T12:03:02","guid":{"rendered":"https:\/\/corrientesdetarde.com\/?p=224917"},"modified":"2025-08-31T09:23:00","modified_gmt":"2025-08-31T12:23:00","slug":"dia-de-votacion-en-corrientes","status":"publish","type":"post","link":"https:\/\/corrientesdetarde.com\/index.php\/locales\/dia-de-votacion-en-corrientes\/","title":{"rendered":"\u00a1D\u00eda de votaci\u00f3n en Corrientes!"},"content":{"rendered":"\n<p>Este&nbsp;<strong>domingo,<\/strong>&nbsp;Corrientes afrontar\u00e1 nuevas&nbsp;<strong>elecciones<\/strong>. Unos 950 mil ciudadanos est\u00e1n en condiciones de elegir&nbsp;<strong>gobernado<\/strong>&nbsp;y&nbsp;<strong>vicegobernador<\/strong>; senadores y diputados provinciales; 73 intendentes y concejales.<\/p>\n\n\n\n<p>A diferencia del resto del pa\u00eds, donde se ponen en disputa bancas de legisladores y ediles, en esta provincial del\u00a0<strong>Litoral<\/strong>\u00a0se nominan funcionarios para los ejecutivos provinciales y municipales debido a las intervenciones que tuvo la provincia de parte del gobierno federal desde 1983 a la fecha.Quienes sean electos como funcionarios provinciales y municipales, asumir\u00e1n el 10 de diciembre pr\u00f3ximo y tendr\u00e1n mandato hasta el 9 de diciembre de 2029. Id\u00e9ntico per\u00edodo cumplir\u00e1n funciones los legisladores provinciales. En tanto que los senadores finalizar\u00e1n su mandato en 2031.<\/p>\n\n\n\n<p><\/p>\n\n\n\n<h2 class=\"wp-block-heading\">Cuatro frentes<\/h2>\n\n\n\n<p>Cuatro frentes principales competir\u00e1n en las&nbsp;<strong>elecciones<\/strong>&nbsp;de este domingo.&nbsp;<strong>Vamos&nbsp;Corrientes<\/strong>,&nbsp;<strong>ECO<\/strong>, el&nbsp;<strong>Frente Limpiar Corrientes<\/strong>&nbsp;y&nbsp;<strong>La Libertad Avanza<\/strong>&nbsp;ya tienen sus candidatos.<\/p>\n\n\n\n<ul class=\"wp-block-list\">\n<li><strong>Vamos Corrientes<\/strong>: el oficialismo apuesta a la continuidad a trav\u00e9s del hermano del gobernador radical&nbsp;<strong>Gustavo Vald\u00e9s<\/strong>&nbsp;que no puede aspirar al re elecci\u00f3n debido a que est\u00e1 cumpliendo su segundo per\u00edodo al frente del ejecutivo (2017-2025)<\/li>\n<\/ul>\n\n\n\n<p>La f\u00f3rmula oficialista est\u00e1 compuesta por el hermano del mandatario provincial&nbsp;<strong>Juan Pablo Vald\u00e9s<\/strong>&nbsp;\u2013 intendente de la ciudad de Ituzaing\u00f3- y&nbsp;<strong>Pedro Braillard Poccard<\/strong>, actual vicegobernador quien buscar\u00e1 la reelecci\u00f3n. Para la intendencia de la ciudad de&nbsp;<strong>Corrientes<\/strong>, se presenta el ministro de Obras P\u00fablicas Claudio Polich.<\/p>\n\n\n\n<p>El propio gobernador encabeza la lista de senadores provinciales.<\/p>\n\n\n\n<p>La n\u00f3mina de diputados est\u00e1 liderada por el actual intendente de la capital, correntina Eduardo Tassano.&nbsp;<strong>Vamos<\/strong>&nbsp;<strong>Corrientes<\/strong>&nbsp;es una coalici\u00f3n conformada por m\u00e1s de 30 fuerzas, con el radicalismo como base, y aliados como el&nbsp;<strong>PRO<\/strong>, Partido Autonomista, Partido Popular, Partido Liberal, UCeD\u00e9, MID, Encuentro Republicano Federal, entre otros.<\/p>\n\n\n\n<ul class=\"wp-block-list\">\n<li><strong>Encuentro por Corrientes<\/strong>&nbsp;<strong>(ECO)<\/strong>&nbsp;postula como candidato a gobernador al ex mandatario provinciales&nbsp;<strong>Ricardo Colombi&nbsp;<\/strong>acompa\u00f1ado por el peronista Mart\u00edn Barrionuevo como su compa\u00f1ero de f\u00f3rmula.<\/li>\n<\/ul>\n\n\n\n<p>La lista de senadores la encabeza el senador y ex ministro de Hacienda Enrique Vaz Torres. Para diputados, la lidera el intendente de Virasoro, Emiliano Fern\u00e1ndez. El postulante a intendente capitalino es el ex vicegobernador (2013-2021) Gustavo Canteros.<\/p>\n\n\n\n<ul class=\"wp-block-list\">\n<li><strong>Frente Limpiar Corrientes<\/strong>&nbsp;est\u00e1 liderado por peronistas que intentan volver a gobernar la provincia despu\u00e9s de peronismo busca volver al poder luego de 51 a\u00f1o. como candidato a gobernador se presenta el intendente de Paso de los Libres, Mart\u00edn &#8220;Tincho&#8221; Asc\u00faa, acompa\u00f1ado por el diputado provincial del Frente Renovador correntino C\u00e9sar Lezcano.<\/li>\n<\/ul>\n\n\n\n<figure class=\"wp-block-image\"><img decoding=\"async\" src=\"https:\/\/media.mdzol.com\/p\/361f9552c5106abda3fb7f4f2df9dcf8\/adjuntos\/373\/imagenes\/001\/748\/0001748666\/760x0\/smart\/juan-pablo-valdes-lisandro-almiron-ricardo-colombi-martin-ascua-sonia-lopez-y-ezequiel-romero-los-candidatos-gobernador-corrientes.jpeg\" alt=\"Juan Pablo Vald\u00e9s, Lisandro Almir\u00f3n, Ricardo Colombi, Mart\u00edn Asc\u00faa, Sonia L\u00f3pez, y Ezequiel Romero, los candidatos a Gobernador de Corrientes \" title=\"Juan Pablo Vald\u00e9s, Lisandro Almir\u00f3n, Ricardo Colombi, Mart\u00edn Asc\u00faa, Sonia L\u00f3pez, y Ezequiel Romero, los candidatos a Gobernador de Corrientes \"\/><\/figure>\n\n\n\n<p>Juan Pablo Vald\u00e9s, Lisandro Almir\u00f3n, Ricardo Colombi, Mart\u00edn Asc\u00faa, Sonia L\u00f3pez, y Ezequiel Romero, los candidatos a Gobernador de Corrientes<\/p>\n\n\n\n<p>La lista para el Senado estar\u00e1 encabezada por el empresario de Santo Tom\u00e9 Rom\u00e1n Naya; mientras que para la C\u00e1mara baja, la primera candidata es la presidenta del PJ correntino Ana Almir\u00f3n.<\/p>\n\n\n\n<p>El Frente postula al dirigente del<strong>&nbsp;Frente Renovador&nbsp;<\/strong>Germ\u00e1n Braillard para la intendencia capitalina.<\/p>\n\n\n\n<p>La coalici\u00f3n est\u00e1 integrada por el&nbsp;<strong>PJ<\/strong>, el Frente Renovador, el Partido de la Victoria, Kolina, Patria Grande, Nuevo Encuentro, el Partido del Trabajo y del Pueblo, el Partido Dem\u00f3crata Cristiano, Principios y Valores, entre otras fuerzas.<\/p>\n\n\n\n<ul class=\"wp-block-list\">\n<li><strong>La Libertad Avanza<\/strong>, el espacio que lidera el presidente<strong>&nbsp;Javier Milei<\/strong>&nbsp;presenta como candidato a gobernador al diputado nacional&nbsp;<strong>Lisandro Almir\u00f3n<\/strong>, acompa\u00f1ado por la secretaria parlamentaria de la C\u00e1mara de Diputados de la Provincia Evelyn Karsten. Para la intendencia capitalina, la candidata es la legisladora provincial Any Pereyra.<\/li>\n<\/ul>\n\n\n\n<p>La lista de diputados provinciales isla lidera Caito Leconte \u2014hijo del exgobernador Ricardo Leconte- En tanto que la n\u00f3mina de senadores la encabeza la diputada provincial Luc\u00eda Centuri\u00f3n y Marcelo Cha\u00edn.<\/p>\n\n\n\n<ul class=\"wp-block-list\">\n<li>El&nbsp;<strong>Frente Cambi\u00e1<\/strong>, integrado por el Partido Comunista, Convocatoria Popular y el movimiento social Somos Barrios de Pie, propone como candidato a gobernadora a la presidenta del Partido Comunista y diputada provincial, Sonia L\u00f3pez; y como vicegobernador al m\u00e9dico Ra\u00fal Dal Lago.<\/li>\n<\/ul>\n\n\n\n<p>El postulante a diputado provincial es Ariel Osuna de Barrios de Pie y a senadora a la dirigente del PC Silvia Gonz\u00e1lez. Intendente de la&nbsp;<strong>Ciudad de<\/strong>&nbsp;<strong>Corrientes<\/strong>, propone al dirigente de Convocatoria Popular.<\/p>\n\n\n\n<ul class=\"wp-block-list\">\n<li>El partido&nbsp;<strong>Ahora<\/strong>&nbsp;postula como candidato a gobernador al libertario abogado Carlos \u201cTeke\u201d Romero y la dirigente juvenil Ana \u201cCoty\u201d Casaro Qui\u00f1onez. La remira candidata a diputada provincial es la doctora Marcela Ojeda y como senadora a la dirigente Silvia Vallejos A\u00f1asqui. En tanto que como itnendenta va la doctora Griselda R\u00edos.<\/li>\n\n\n\n<li>De su parte, el&nbsp;<strong>partido De la Esperanza<\/strong>&nbsp;propone como candidatos a gobernador y vicegobernador a la presidenta del partido Adriana Vega y el abogado Andr\u00e9s Barboza respectivamente. En tanto que como intendente de la capital de&nbsp;<strong>Corrientes<\/strong>&nbsp;se postula el profesor universitario N\u00e9stor Fabi\u00e1n Antoniol.<\/li>\n<\/ul>\n\n\n\n<figure class=\"wp-block-image size-full\"><img loading=\"lazy\" decoding=\"async\" width=\"587\" height=\"533\" src=\"https:\/\/corrientesdetarde.com\/wp-content\/uploads\/2025\/08\/image-1213.png\" alt=\"\" class=\"wp-image-224918\" srcset=\"https:\/\/corrientesdetarde.com\/wp-content\/uploads\/2025\/08\/image-1213.png 587w, https:\/\/corrientesdetarde.com\/wp-content\/uploads\/2025\/08\/image-1213-300x272.png 300w\" sizes=\"auto, (max-width: 587px) 100vw, 587px\" \/><\/figure>\n\n\n\n<h2 class=\"wp-block-heading\">Triunfo con olor a balotaje<\/h2>\n\n\n\n<p>Si bien encuestadoras correntinas predicen un triunfo del oficialismo, presentan un panorama de balotaje en las elecciones de hoy. De ser as\u00ed, la segunda vuelta tendr\u00e1 lugar el 21 de septiembre. En tanto sentido Vamos Corretones no lograr\u00eda llegar al 40%.<\/p>\n\n\n\n<p><em>CB Consultora<\/em>&nbsp;hizo un relevamiento de 808 casos entre el 15 y el 20 de agosto. Juan Pablo Vald\u00e9s, ganar\u00eda las elecciones con el 35,8%. En segundo lugar, muy lejos, quedar\u00eda el peronista Mart\u00edn Asc\u00faa, con el 17,4%. En tercer lugar, se ubicar\u00eda el exgobernador Ricardo Colombi, con el 16,4%, y le seguir\u00eda el candidato de&nbsp;<strong>LLA<\/strong>, Lisandro Almir\u00f3n, con el 10,3%.<\/p>\n\n\n\n<p>Otra encuesta que estima una victoria oficialista es Integrarnos, que tom\u00f3 1.351 casos.&nbsp;<strong>Vald\u00e9s<\/strong>&nbsp;obtendr\u00eda el 35,5% de los votos, contra el 17,8% de Colombi, que aparecer\u00eda en segundo lugar. Tercero quedar\u00eda Asc\u00faa, con el 10,7%, y cuarto Almir\u00f3n, con el 10,4%.<\/p>\n\n\n\n<h2 class=\"wp-block-heading\">Porqu\u00e9 se elige gobernador e intendentes<\/h2>\n\n\n\n<p><strong>Corrientes<\/strong>&nbsp;elige&nbsp;<strong>gobernador<\/strong>&nbsp;e&nbsp;<strong>intendentes<\/strong>&nbsp;porque desde la vuelta de la democracia en 1983 estuvo marcada por varias intervenciones federales de parte de los gobiernos nacionales de turno.<\/p>\n\n\n\n<p>La primera intervenci\u00f3n fue decretada por el ex presidente Carlos Sa\u00fal Menem el 7 de febrero de 1992 debido a las peleas institucionales. Pero las peleas e intervenciones no terminaron all\u00ed.<\/p>\n\n\n\n<p>El 20 de diciembre de 1992 hubo elecciones y cuando se esperaba que por acuerdos el radical Noel Breard sea ungido como gobernador en enero de 1993, el elector Ram\u00f3n Tabar\u00e9 Bruzzo se fug\u00f3 y dej\u00f3 sin quorum a su correligionario en uno de los mayores esc\u00e1ndalos pol\u00edticos de la provincia.<\/p>\n\n\n\n<p>La intervenci\u00f3n federal se prolong\u00f3 hasta diciembre de 1993, cuando finalmente&nbsp;<strong>Ra\u00fal Rolando Romero Feris&nbsp;<\/strong>asumi\u00f3 en la primera magistratura provincial.<\/p>\n\n\n\n<p>Seg\u00fan especifica el diario&nbsp;<em>El Litoral de Corrientes,&nbsp;<\/em>para ello se necesit\u00f3 de una reforma constitucional que elimin\u00f3 el Colegio Electoral y otro comicios, los cuales se desarrollaron el 3 de octubre.<\/p>\n\n\n\n<p>\u201cTato\u201d romper\u00eda con la fuerza pol\u00edtica que lo hizo gobernador y form\u00f3 su propio partido, al cual llam\u00f3 Nuevo, y con esa fuerza Pedro Braillard Poccard gan\u00f3 holgadamente en la segunda vuelta de 1997. El candidato en realidad era el intendente capitalino, Rub\u00e9n Dar\u00edo Casco, quien falleci\u00f3 tr\u00e1gicamente en un siniestro vial a s\u00f3lo tres semanas de la fecha de los comicios.<\/p>\n\n\n\n<p>Pero la aventura nuevista en la<strong>&nbsp;Casa de Gobierno&nbsp;<\/strong>dur\u00f3 menos de 2 a\u00f1os. En junio y julio de 1999 la Legislatura suspendi\u00f3 a Braillard Poccard y a su vice, V\u00edctor Hugo Maidana, en el marco de la grav\u00edsima crisis pol\u00edtica, econ\u00f3mica y social que sufri\u00f3 Corrientes en aquel a\u00f1o.<\/p>\n\n\n\n<p>El Gobierno de Coalici\u00f3n encabezado por el senador peronista Hugo Peri\u00e9 durar\u00eda hasta diciembre.<\/p>\n\n\n\n<p><\/p>\n","protected":false},"excerpt":{"rendered":"<p>Este&nbsp;domingo,&nbsp;Corrientes afrontar\u00e1 nuevas&nbsp;elecciones. Unos 950 mil ciudadanos est\u00e1n en condiciones de elegir&nbsp;gobernado&nbsp;y&nbsp;vicegobernador; senadores y diputados provinciales; 73 intendentes y concejales. A diferencia del resto del pa\u00eds, donde se ponen en&hellip; <\/p>\n","protected":false},"author":1,"featured_media":224938,"comment_status":"closed","ping_status":"open","sticky":false,"template":"","format":"standard","meta":{"footnotes":""},"categories":[8],"tags":[],"class_list":["post-224917","post","type-post","status-publish","format-standard","has-post-thumbnail","hentry","category-locales"],"_links":{"self":[{"href":"https:\/\/corrientesdetarde.com\/index.php\/wp-json\/wp\/v2\/posts\/224917","targetHints":{"allow":["GET"]}}],"collection":[{"href":"https:\/\/corrientesdetarde.com\/index.php\/wp-json\/wp\/v2\/posts"}],"about":[{"href":"https:\/\/corrientesdetarde.com\/index.php\/wp-json\/wp\/v2\/types\/post"}],"author":[{"embeddable":true,"href":"https:\/\/corrientesdetarde.com\/index.php\/wp-json\/wp\/v2\/users\/1"}],"replies":[{"embeddable":true,"href":"https:\/\/corrientesdetarde.com\/index.php\/wp-json\/wp\/v2\/comments?post=224917"}],"version-history":[{"count":2,"href":"https:\/\/corrientesdetarde.com\/index.php\/wp-json\/wp\/v2\/posts\/224917\/revisions"}],"predecessor-version":[{"id":224941,"href":"https:\/\/corrientesdetarde.com\/index.php\/wp-json\/wp\/v2\/posts\/224917\/revisions\/224941"}],"wp:featuredmedia":[{"embeddable":true,"href":"https:\/\/corrientesdetarde.com\/index.php\/wp-json\/wp\/v2\/media\/224938"}],"wp:attachment":[{"href":"https:\/\/corrientesdetarde.com\/index.php\/wp-json\/wp\/v2\/media?parent=224917"}],"wp:term":[{"taxonomy":"category","embeddable":true,"href":"https:\/\/corrientesdetarde.com\/index.php\/wp-json\/wp\/v2\/categories?post=224917"},{"taxonomy":"post_tag","embeddable":true,"href":"https:\/\/corrientesdetarde.com\/index.php\/wp-json\/wp\/v2\/tags?post=224917"}],"curies":[{"name":"wp","href":"https:\/\/api.w.org\/{rel}","templated":true}]}}