{"id":224923,"date":"2025-08-31T09:15:06","date_gmt":"2025-08-31T12:15:06","guid":{"rendered":"https:\/\/corrientesdetarde.com\/?p=224923"},"modified":"2025-08-31T09:15:36","modified_gmt":"2025-08-31T12:15:36","slug":"el-horoscopo-de-hoy-domingo-31-de-agosto","status":"publish","type":"post","link":"https:\/\/corrientesdetarde.com\/index.php\/horoscopo\/el-horoscopo-de-hoy-domingo-31-de-agosto\/","title":{"rendered":"El hor\u00f3scopo de hoy: domingo 31 de agosto"},"content":{"rendered":"\n<h2 class=\"wp-block-heading\"><strong>ARIES (del 21 de marzo al 20 de abril)<\/strong><\/h2>\n\n\n\n<p>La cuadratura entre la Luna en Sagitario y el Sol en Virgo puede hacerte sentir dividido entre lo que dicta tu rutina y el deseo de explorar nuevas experiencias. Vas a necesitar encontrar un punto medio entre cumplir con tus tareas y darte espacio para lo que te inspira.<\/p>\n\n\n\n<h2 class=\"wp-block-heading\"><strong>TAURO (del 21 de abril al 20 de mayo)<\/strong><\/h2>\n\n\n\n<p>Pod\u00e9s sentir tensi\u00f3n entre tu necesidad de estabilidad y un llamado a profundizar en temas emocionales o financieros. Es momento de observar qu\u00e9 apegos necesit\u00e1s soltar para avanzar m\u00e1s liviano.<\/p>\n\n\n\n<h2 class=\"wp-block-heading\"><strong>G\u00c9MINIS (del 21 de mayo al 21 de junio)<\/strong><\/h2>\n\n\n\n<p>Tus v\u00ednculos cercanos pueden traer desaf\u00edos: entre la organizaci\u00f3n de tu mundo personal y la libertad que busc\u00e1s en tus relaciones. La clave ser\u00e1 no imponer, sino dialogar desde la flexibilidad.<\/p>\n\n\n\n<h2 class=\"wp-block-heading\"><strong>C\u00c1NCER (del 22 de junio al 22 de julio)<\/strong><\/h2>\n\n\n\n<p>Semana para ajustar tu rutina. La tensi\u00f3n puede sentirse entre la exigencia de tus obligaciones y la necesidad de escuchar m\u00e1s a tu cuerpo. Evit\u00e1 sobrecargarte y prioriz\u00e1 el equilibrio.<\/p>\n\n\n\n<h2 class=\"wp-block-heading\"><strong>LEO (del 23 de julio al 22 de agosto)<\/strong><\/h2>\n\n\n\n<p>Pod\u00e9s sentir la necesidad de expresarte y divertirte, pero tambi\u00e9n presi\u00f3n por tus responsabilidades materiales o econ\u00f3micas. La cuadratura te pide encontrar placer sin perder de vista lo esencial.<\/p>\n\n\n\n<h2 class=\"wp-block-heading\"><strong>VIRGO (del 23 de agosto al 21 de septiembre)<\/strong><\/h2>\n\n\n\n<p>Con el Sol en tu signo en tensi\u00f3n a la Luna, la incomodidad puede sentirse en casa o en lo familiar. Habr\u00e1 que balancear tu energ\u00eda personal con las demandas emocionales del entorno.<\/p>\n\n\n\n<h2 class=\"wp-block-heading\"><strong>LIBRA (del 22 de septiembre al 22 de octubre)<\/strong><\/h2>\n\n\n\n<p>Tus pensamientos pueden estar m\u00e1s inquietos de lo habitual. Entre la necesidad de orden mental y las ganas de expandirte, lo mejor ser\u00e1 canalizar esta energ\u00eda en estudios o conversaciones constructivas.<\/p>\n\n\n\n<h2 class=\"wp-block-heading\"><strong>ESCORPIO (del 23 de octubre al 21 de noviembre)<\/strong><\/h2>\n\n\n\n<p>La tensi\u00f3n puede reflejarse en temas econ\u00f3micos: entre lo que necesit\u00e1s para sostenerte y lo que dese\u00e1s para crecer. Es momento de redefinir tu sistema de valores y poner prioridades claras.<\/p>\n\n\n\n<h2 class=\"wp-block-heading\"><strong>SAGITARIO (del 22 de noviembre al 22 de diciembre)<\/strong><\/h2>\n\n\n\n<p>Con la Luna en tu signo en cuadratura al Sol, pod\u00e9s sentirte dividido entre tu impulso de expresarte libremente y las demandas externas que exigen precisi\u00f3n. La clave ser\u00e1 actuar con autenticidad, sin descuidar detalles.<\/p>\n\n\n\n<h2 class=\"wp-block-heading\"><strong>CAPRICORNIO (del 23 de diciembre al 21 de enero)<\/strong><\/h2>\n\n\n\n<p>El aspecto puede activar tensiones internas: entre tu deseo de confiar en lo que vendr\u00e1 y tu necesidad de tener todo bajo control. Soltar un poco te dar\u00e1 alivio emocional.<\/p>\n\n\n\n<h2 class=\"wp-block-heading\"><strong>ACUARIO (del 22 de enero al 21 de febrero)<\/strong><\/h2>\n\n\n\n<p>La cuadratura puede reflejarse en lo social: grupos o amistades pueden desafiar tu organizaci\u00f3n personal. No te cierres a nuevas perspectivas: escuchar a otros puede ser enriquecedor.<\/p>\n\n\n\n<h2 class=\"wp-block-heading\"><strong>PISCIS (del 22 de febrero al 20 de marzo)<\/strong><\/h2>\n\n\n\n<p>Pod\u00e9s sentirte entre dos fuerzas: las exigencias de lo profesional y tus ganas de expandirte en otro rumbo. Es tiempo de revisar hacia d\u00f3nde quer\u00e9s dirigir tu energ\u00eda y qu\u00e9 camino se alinea m\u00e1s con vos.<\/p>\n","protected":false},"excerpt":{"rendered":"<p>ARIES (del 21 de marzo al 20 de abril) La cuadratura entre la Luna en Sagitario y el Sol en Virgo puede hacerte sentir dividido entre lo que dicta tu&hellip; <\/p>\n","protected":false},"author":1,"featured_media":211490,"comment_status":"closed","ping_status":"open","sticky":false,"template":"","format":"standard","meta":{"footnotes":""},"categories":[1006],"tags":[],"class_list":["post-224923","post","type-post","status-publish","format-standard","has-post-thumbnail","hentry","category-horoscopo"],"_links":{"self":[{"href":"https:\/\/corrientesdetarde.com\/index.php\/wp-json\/wp\/v2\/posts\/224923","targetHints":{"allow":["GET"]}}],"collection":[{"href":"https:\/\/corrientesdetarde.com\/index.php\/wp-json\/wp\/v2\/posts"}],"about":[{"href":"https:\/\/corrientesdetarde.com\/index.php\/wp-json\/wp\/v2\/types\/post"}],"author":[{"embeddable":true,"href":"https:\/\/corrientesdetarde.com\/index.php\/wp-json\/wp\/v2\/users\/1"}],"replies":[{"embeddable":true,"href":"https:\/\/corrientesdetarde.com\/index.php\/wp-json\/wp\/v2\/comments?post=224923"}],"version-history":[{"count":1,"href":"https:\/\/corrientesdetarde.com\/index.php\/wp-json\/wp\/v2\/posts\/224923\/revisions"}],"predecessor-version":[{"id":224934,"href":"https:\/\/corrientesdetarde.com\/index.php\/wp-json\/wp\/v2\/posts\/224923\/revisions\/224934"}],"wp:featuredmedia":[{"embeddable":true,"href":"https:\/\/corrientesdetarde.com\/index.php\/wp-json\/wp\/v2\/media\/211490"}],"wp:attachment":[{"href":"https:\/\/corrientesdetarde.com\/index.php\/wp-json\/wp\/v2\/media?parent=224923"}],"wp:term":[{"taxonomy":"category","embeddable":true,"href":"https:\/\/corrientesdetarde.com\/index.php\/wp-json\/wp\/v2\/categories?post=224923"},{"taxonomy":"post_tag","embeddable":true,"href":"https:\/\/corrientesdetarde.com\/index.php\/wp-json\/wp\/v2\/tags?post=224923"}],"curies":[{"name":"wp","href":"https:\/\/api.w.org\/{rel}","templated":true}]}}