{"id":224944,"date":"2025-08-31T09:34:13","date_gmt":"2025-08-31T12:34:13","guid":{"rendered":"https:\/\/corrientesdetarde.com\/?p=224944"},"modified":"2025-08-31T09:34:18","modified_gmt":"2025-08-31T12:34:18","slug":"voto-la-formula-de-la-lla-en-capital-any-pereyra-flavio-serra","status":"publish","type":"post","link":"https:\/\/corrientesdetarde.com\/index.php\/informacion-general\/voto-la-formula-de-la-lla-en-capital-any-pereyra-flavio-serra\/","title":{"rendered":"Vot\u00f3 la f\u00f3rmula de la LLA en Capital: Any Pereyra-Flavio Serra"},"content":{"rendered":"\n<p>La candidata a intendente de la ciudad de Corrientes por la Libertad Avanza, Any Pereyra, emiti\u00f3 su voto en el marco de las elecciones provinciales que comenzaron a desarrollarse a partir de las 08:00.<\/p>\n\n\n\n<p>Pereyra record\u00f3 que hace mucho tiempo no conduce los destinos de la capital correntina y remarc\u00f3 que viene trabajando mucho por las mujeres de Corrientes. &#8220;Creo que ahora es el momento de cumplir este sue\u00f1o de conducir la ciudad&#8221;, remarc\u00f3 la exviceintendenta.<\/p>\n\n\n\n<p>Luego, asegur\u00f3 que la votaci\u00f3n &#8220;le vuelve poderoso al ciudadano porque le permite decidir sobre su futuro&#8221;. Adem\u00e1s, le pidi\u00f3 al votante &#8220;reflexionar en el cuarto oscuro sin ning\u00fan tipo de amenaza&#8221;.<\/p>\n\n\n\n<p>Sobre c\u00f3mo continuar\u00e1 su jornada, dijo que va a fiscalizar todo el d\u00eda y &#8220;cuidar los votos hasta el momento que sea&#8221;. &nbsp;&#8220;Estamos trabajando con el equipo de fiscalizaci\u00f3n desde el d\u00eda que empez\u00f3 la campa\u00f1a&#8221;, coment\u00f3.<\/p>\n\n\n\n<p>Por \u00faltimo, cuestion\u00f3 el sistema electoral de Corrientes porque &#8220;hoy lo ciudadanos se van encontrar con cientos de boletas en el cuarto oscuro y es una locura el gasto que se genera&#8221;, concluy\u00f3.<\/p>\n\n\n\n<p>Por su parte, Flavio Serra, coment\u00f3: &#8220;fue una campa\u00f1a intensa con mucho cari\u00f1o de la gente, lo viv\u00ed con mucha alegr\u00eda, estamos con la tranquilidad de haber hecho un trabajo intenso, con la gente, esperando resultados&#8221;.<\/p>\n\n\n\n<p>A su vez, el candidato a viceintendente de LLA, expres\u00f3: &#8220;vamos a recorrer mucho con Any, somos de estar en la calle y a lo \u00faltimo vamos a estar en el bunker&#8221;.<\/p>\n\n\n\n<p>Por su parte, la candidata a intendente de la ciudad de Corrientes por la Libertad Avanza, Any Pereyra, emiti\u00f3 su voto en el marco de las elecciones provinciales que comenzaron a desarrollarse a partir de las 08:00.<\/p>\n\n\n\n<p>En di\u00e1lgo con Radio Dos, Pereyra record\u00f3 que hace mucho tiempo no conduce los destinos de la capital correntina y remarc\u00f3 que viene trabajando mucho por las mujeres de Corrientes. &#8220;Creo que ahora es el momento de cumplir este sue\u00f1o de conducir la ciudad&#8221;, remarc\u00f3 la exviceintendenta.<\/p>\n\n\n\n<p>Luego, asegur\u00f3 que la votaci\u00f3n &#8220;le vuelve poderoso al ciudadano porque le permite decidir sobre su futuro&#8221;. Adem\u00e1s, le pidi\u00f3 al votante &#8220;reflexionar en el cuarto oscuro sin ning\u00fan tipo de amenaza&#8221;.<\/p>\n\n\n\n<p>Sobre c\u00f3mo continuar\u00e1 su jornada, dijo que va a fiscalizar todo el d\u00eda y &#8220;cuidar los votos hasta el momento que sea&#8221;. &nbsp;&#8220;Estamos trabajando con el equipo de fiscalizaci\u00f3n desde el d\u00eda que empez\u00f3 la campa\u00f1a&#8221;, coment\u00f3.<\/p>\n\n\n\n<p>Por \u00faltimo, cuestion\u00f3 el sistema electoral de Corrientes porque &#8220;hoy lo ciudadanos se van encontrar con cientos de boletas en el cuarto oscuro y es una locura el gasto que se genera&#8221;, concluy\u00f3.<\/p>\n","protected":false},"excerpt":{"rendered":"<p>La candidata a intendente de la ciudad de Corrientes por la Libertad Avanza, Any Pereyra, emiti\u00f3 su voto en el marco de las elecciones provinciales que comenzaron a desarrollarse a&hellip; <\/p>\n","protected":false},"author":1,"featured_media":224945,"comment_status":"closed","ping_status":"open","sticky":false,"template":"","format":"standard","meta":{"footnotes":""},"categories":[1],"tags":[],"class_list":["post-224944","post","type-post","status-publish","format-standard","has-post-thumbnail","hentry","category-informacion-general"],"_links":{"self":[{"href":"https:\/\/corrientesdetarde.com\/index.php\/wp-json\/wp\/v2\/posts\/224944","targetHints":{"allow":["GET"]}}],"collection":[{"href":"https:\/\/corrientesdetarde.com\/index.php\/wp-json\/wp\/v2\/posts"}],"about":[{"href":"https:\/\/corrientesdetarde.com\/index.php\/wp-json\/wp\/v2\/types\/post"}],"author":[{"embeddable":true,"href":"https:\/\/corrientesdetarde.com\/index.php\/wp-json\/wp\/v2\/users\/1"}],"replies":[{"embeddable":true,"href":"https:\/\/corrientesdetarde.com\/index.php\/wp-json\/wp\/v2\/comments?post=224944"}],"version-history":[{"count":1,"href":"https:\/\/corrientesdetarde.com\/index.php\/wp-json\/wp\/v2\/posts\/224944\/revisions"}],"predecessor-version":[{"id":224946,"href":"https:\/\/corrientesdetarde.com\/index.php\/wp-json\/wp\/v2\/posts\/224944\/revisions\/224946"}],"wp:featuredmedia":[{"embeddable":true,"href":"https:\/\/corrientesdetarde.com\/index.php\/wp-json\/wp\/v2\/media\/224945"}],"wp:attachment":[{"href":"https:\/\/corrientesdetarde.com\/index.php\/wp-json\/wp\/v2\/media?parent=224944"}],"wp:term":[{"taxonomy":"category","embeddable":true,"href":"https:\/\/corrientesdetarde.com\/index.php\/wp-json\/wp\/v2\/categories?post=224944"},{"taxonomy":"post_tag","embeddable":true,"href":"https:\/\/corrientesdetarde.com\/index.php\/wp-json\/wp\/v2\/tags?post=224944"}],"curies":[{"name":"wp","href":"https:\/\/api.w.org\/{rel}","templated":true}]}}