{"id":224947,"date":"2025-08-31T09:39:38","date_gmt":"2025-08-31T12:39:38","guid":{"rendered":"https:\/\/corrientesdetarde.com\/?p=224947"},"modified":"2025-08-31T09:39:49","modified_gmt":"2025-08-31T12:39:49","slug":"camau-voto-y-afirmo-que-corrientes-tiene-una-gran-oportunidad-de-pensar-en-el-futuro","status":"publish","type":"post","link":"https:\/\/corrientesdetarde.com\/index.php\/informacion-general\/camau-voto-y-afirmo-que-corrientes-tiene-una-gran-oportunidad-de-pensar-en-el-futuro\/","title":{"rendered":"Camau vot\u00f3 y afirm\u00f3 que &#8220;Corrientes tiene una gran oportunidad de pensar en el futuro&#8221;"},"content":{"rendered":"\n<p>El senador nacional, Carlos Camau Esp\u00ednola, emiti\u00f3 su voto en la escuela 293 del barrio Pujol en el marco de las elecciones provinciales que van a definir, entre otros cargos, al pr\u00f3ximo gobernador de la provincia.<\/p>\n\n\n\n<p>En dialogo con Radio Dos, Esp\u00ednola afirm\u00f3 que &#8220;Corrientes tiene una gran oportunidad de pensar en el futuro y yo quiero colaborar para ser parte de ese futuro&#8221;.<\/p>\n\n\n\n<p>A su vez, pidi\u00f3 que la gente vaya votar para &#8220;fortalecer la democracia&#8221;. Y dej\u00f3 en claro que &#8220;Corrientes somos todos a la hora de votar y pensar&#8221;.<\/p>\n\n\n\n<p>&#8220;Sigamos viviendo con una provincia en paz. Hay que apostar al dialogo y demostrarle a la sociedad que hay otra manera de hacer pol\u00edtica&#8221;, manifest\u00f3 exintendente capitalino, que para estos comicios se sum\u00f3 a la alianza oficialista Vamos Corrientes.<\/p>\n","protected":false},"excerpt":{"rendered":"<p>El senador nacional, Carlos Camau Esp\u00ednola, emiti\u00f3 su voto en la escuela 293 del barrio Pujol en el marco de las elecciones provinciales que van a definir, entre otros cargos,&hellip; <\/p>\n","protected":false},"author":1,"featured_media":224952,"comment_status":"closed","ping_status":"open","sticky":false,"template":"","format":"standard","meta":{"footnotes":""},"categories":[1],"tags":[],"class_list":["post-224947","post","type-post","status-publish","format-standard","has-post-thumbnail","hentry","category-informacion-general"],"_links":{"self":[{"href":"https:\/\/corrientesdetarde.com\/index.php\/wp-json\/wp\/v2\/posts\/224947","targetHints":{"allow":["GET"]}}],"collection":[{"href":"https:\/\/corrientesdetarde.com\/index.php\/wp-json\/wp\/v2\/posts"}],"about":[{"href":"https:\/\/corrientesdetarde.com\/index.php\/wp-json\/wp\/v2\/types\/post"}],"author":[{"embeddable":true,"href":"https:\/\/corrientesdetarde.com\/index.php\/wp-json\/wp\/v2\/users\/1"}],"replies":[{"embeddable":true,"href":"https:\/\/corrientesdetarde.com\/index.php\/wp-json\/wp\/v2\/comments?post=224947"}],"version-history":[{"count":1,"href":"https:\/\/corrientesdetarde.com\/index.php\/wp-json\/wp\/v2\/posts\/224947\/revisions"}],"predecessor-version":[{"id":224953,"href":"https:\/\/corrientesdetarde.com\/index.php\/wp-json\/wp\/v2\/posts\/224947\/revisions\/224953"}],"wp:featuredmedia":[{"embeddable":true,"href":"https:\/\/corrientesdetarde.com\/index.php\/wp-json\/wp\/v2\/media\/224952"}],"wp:attachment":[{"href":"https:\/\/corrientesdetarde.com\/index.php\/wp-json\/wp\/v2\/media?parent=224947"}],"wp:term":[{"taxonomy":"category","embeddable":true,"href":"https:\/\/corrientesdetarde.com\/index.php\/wp-json\/wp\/v2\/categories?post=224947"},{"taxonomy":"post_tag","embeddable":true,"href":"https:\/\/corrientesdetarde.com\/index.php\/wp-json\/wp\/v2\/tags?post=224947"}],"curies":[{"name":"wp","href":"https:\/\/api.w.org\/{rel}","templated":true}]}}