{"id":224948,"date":"2025-08-31T09:40:31","date_gmt":"2025-08-31T12:40:31","guid":{"rendered":"https:\/\/corrientesdetarde.com\/?p=224948"},"modified":"2025-08-31T09:40:32","modified_gmt":"2025-08-31T12:40:32","slug":"el-registro-civil-entregara-dni-hasta-las-17-30","status":"publish","type":"post","link":"https:\/\/corrientesdetarde.com\/index.php\/eventos\/el-registro-civil-entregara-dni-hasta-las-17-30\/","title":{"rendered":"El Registro Civil entregar\u00e1 DNI hasta las 17.30"},"content":{"rendered":"\n<p>Como en las \u00faltimas elecciones desarrolladas de un tiempo a esta parte en Corrientes, el Registro Provincial de las Personas abrir\u00e1 sus puertas para que las personas retiren su Documento Nacional de Identidad.<\/p>\n\n\n\n<p>Para conocer un poco m\u00e1s al respecto, dialogamos con su director, Pablo Cano, quien coment\u00f3 que el Registro Civil &#8220;tiene una guardia dispuesta ac\u00e1 en Corrientes en la sede central y en todas las delegaciones del interior que tengan documentos para la entrega. La guardia ser\u00e1 el d\u00eda domingo de 8 a 17:30&#8221;.<\/p>\n\n\n\n<p>&nbsp;El titular del Registro Civil tambi\u00e9n coment\u00f3 que hubo muchos tr\u00e1mites y operativos documentarios durante todo este \u00faltimo mes, tanto en Capital como en el interior. Por tal motivo, detall\u00f3 en dicha instituci\u00f3n tienen 470 DNI a la espera de ser retirados en la sede central.<\/p>\n","protected":false},"excerpt":{"rendered":"<p>Como en las \u00faltimas elecciones desarrolladas de un tiempo a esta parte en Corrientes, el Registro Provincial de las Personas abrir\u00e1 sus puertas para que las personas retiren su Documento&hellip; <\/p>\n","protected":false},"author":1,"featured_media":190684,"comment_status":"closed","ping_status":"open","sticky":false,"template":"","format":"standard","meta":{"footnotes":""},"categories":[22],"tags":[],"class_list":["post-224948","post","type-post","status-publish","format-standard","has-post-thumbnail","hentry","category-eventos"],"_links":{"self":[{"href":"https:\/\/corrientesdetarde.com\/index.php\/wp-json\/wp\/v2\/posts\/224948","targetHints":{"allow":["GET"]}}],"collection":[{"href":"https:\/\/corrientesdetarde.com\/index.php\/wp-json\/wp\/v2\/posts"}],"about":[{"href":"https:\/\/corrientesdetarde.com\/index.php\/wp-json\/wp\/v2\/types\/post"}],"author":[{"embeddable":true,"href":"https:\/\/corrientesdetarde.com\/index.php\/wp-json\/wp\/v2\/users\/1"}],"replies":[{"embeddable":true,"href":"https:\/\/corrientesdetarde.com\/index.php\/wp-json\/wp\/v2\/comments?post=224948"}],"version-history":[{"count":1,"href":"https:\/\/corrientesdetarde.com\/index.php\/wp-json\/wp\/v2\/posts\/224948\/revisions"}],"predecessor-version":[{"id":224954,"href":"https:\/\/corrientesdetarde.com\/index.php\/wp-json\/wp\/v2\/posts\/224948\/revisions\/224954"}],"wp:featuredmedia":[{"embeddable":true,"href":"https:\/\/corrientesdetarde.com\/index.php\/wp-json\/wp\/v2\/media\/190684"}],"wp:attachment":[{"href":"https:\/\/corrientesdetarde.com\/index.php\/wp-json\/wp\/v2\/media?parent=224948"}],"wp:term":[{"taxonomy":"category","embeddable":true,"href":"https:\/\/corrientesdetarde.com\/index.php\/wp-json\/wp\/v2\/categories?post=224948"},{"taxonomy":"post_tag","embeddable":true,"href":"https:\/\/corrientesdetarde.com\/index.php\/wp-json\/wp\/v2\/tags?post=224948"}],"curies":[{"name":"wp","href":"https:\/\/api.w.org\/{rel}","templated":true}]}}