{"id":224955,"date":"2025-08-31T10:04:52","date_gmt":"2025-08-31T13:04:52","guid":{"rendered":"https:\/\/corrientesdetarde.com\/?p=224955"},"modified":"2025-08-31T10:05:03","modified_gmt":"2025-08-31T13:05:03","slug":"voto-gustavo-canteros-que-sea-una-fiesta-de-la-democracia","status":"publish","type":"post","link":"https:\/\/corrientesdetarde.com\/index.php\/informacion-general\/voto-gustavo-canteros-que-sea-una-fiesta-de-la-democracia\/","title":{"rendered":"Vot\u00f3 Gustavo Canteros: &#8220;Que sea una fiesta de la democracia&#8221;"},"content":{"rendered":"\n<p>&#8220;Que sea una fiesta de la democracia como lo merecemos todos los correntinos&#8221;, pidi\u00f3 el candidato a intendente por Eco, Gustavo Canteros, en dialogo con la prensa tras haber emitido su vota en el marco de las elecciones provinciales que se desarrollan con total normalidad a partir de las 08:00 de la ma\u00f1ana.<\/p>\n\n\n\n<p><\/p>\n\n\n\n<p>A su vez, estim\u00f3 que &#8220;para alrededor de las 20 vamos a tener resultados definitivos en la ciudad&#8221;. Adem\u00e1s, cont\u00f3 que su frente cuenta con un centro de c\u00f3mputos propio, y asegur\u00f3 que &#8220;hicieron una campa\u00f1a limpia y sin agravio&#8221;.<\/p>\n\n\n\n<p>Por \u00faltimo, el diputado provincial dijo que acompa\u00f1ar\u00e1 a su padre de 103 a\u00f1os a votar en el marco de su jornada electoral, y tambi\u00e9n ir\u00e1 recorriendo las escuelas de la ciudad donde se llevan adelante los comicios provinciales.&nbsp;<\/p>\n","protected":false},"excerpt":{"rendered":"<p>&#8220;Que sea una fiesta de la democracia como lo merecemos todos los correntinos&#8221;, pidi\u00f3 el candidato a intendente por Eco, Gustavo Canteros, en dialogo con la prensa tras haber emitido&hellip; <\/p>\n","protected":false},"author":1,"featured_media":224968,"comment_status":"closed","ping_status":"open","sticky":false,"template":"","format":"standard","meta":{"footnotes":""},"categories":[1],"tags":[],"class_list":["post-224955","post","type-post","status-publish","format-standard","has-post-thumbnail","hentry","category-informacion-general"],"_links":{"self":[{"href":"https:\/\/corrientesdetarde.com\/index.php\/wp-json\/wp\/v2\/posts\/224955","targetHints":{"allow":["GET"]}}],"collection":[{"href":"https:\/\/corrientesdetarde.com\/index.php\/wp-json\/wp\/v2\/posts"}],"about":[{"href":"https:\/\/corrientesdetarde.com\/index.php\/wp-json\/wp\/v2\/types\/post"}],"author":[{"embeddable":true,"href":"https:\/\/corrientesdetarde.com\/index.php\/wp-json\/wp\/v2\/users\/1"}],"replies":[{"embeddable":true,"href":"https:\/\/corrientesdetarde.com\/index.php\/wp-json\/wp\/v2\/comments?post=224955"}],"version-history":[{"count":1,"href":"https:\/\/corrientesdetarde.com\/index.php\/wp-json\/wp\/v2\/posts\/224955\/revisions"}],"predecessor-version":[{"id":224969,"href":"https:\/\/corrientesdetarde.com\/index.php\/wp-json\/wp\/v2\/posts\/224955\/revisions\/224969"}],"wp:featuredmedia":[{"embeddable":true,"href":"https:\/\/corrientesdetarde.com\/index.php\/wp-json\/wp\/v2\/media\/224968"}],"wp:attachment":[{"href":"https:\/\/corrientesdetarde.com\/index.php\/wp-json\/wp\/v2\/media?parent=224955"}],"wp:term":[{"taxonomy":"category","embeddable":true,"href":"https:\/\/corrientesdetarde.com\/index.php\/wp-json\/wp\/v2\/categories?post=224955"},{"taxonomy":"post_tag","embeddable":true,"href":"https:\/\/corrientesdetarde.com\/index.php\/wp-json\/wp\/v2\/tags?post=224955"}],"curies":[{"name":"wp","href":"https:\/\/api.w.org\/{rel}","templated":true}]}}