{"id":224956,"date":"2025-08-31T09:53:32","date_gmt":"2025-08-31T12:53:32","guid":{"rendered":"https:\/\/corrientesdetarde.com\/?p=224956"},"modified":"2025-08-31T09:53:34","modified_gmt":"2025-08-31T12:53:34","slug":"voto-evelyn-karsten-en-el-colegio-nacional","status":"publish","type":"post","link":"https:\/\/corrientesdetarde.com\/index.php\/informacion-general\/voto-evelyn-karsten-en-el-colegio-nacional\/","title":{"rendered":"Vot\u00f3 Evelyn Karsten en el Colegio Nacional"},"content":{"rendered":"\n<p>&#8212;<\/p>\n\n\n\n<p>La candidata a vicegobernadora por la alianza \u201cLa Libertad Avanza\u201d Evelyn Karsten \u00a0vot\u00f3 a las 9,30 en el Colegio Nacional de la ciudad de Corrientes.<\/p>\n\n\n\n<p>Desde dicho establecimiento convoc\u00f3 a la ciudadan\u00eda a ejercer su derecho y obligaci\u00f3n de ir a votar, pensando en el presente y futuro de la provincia.<\/p>\n\n\n\n<p>Con una sonrisa en su rostro sostuvo que todas las voces deben escucharse, lo cual se logra con el voto.&nbsp;<\/p>\n\n\n\n<p>Coment\u00f3 que los resultados los esperar\u00e1 en la sede de LLA de la ciudad de Corrientes.&nbsp;<\/p>\n","protected":false},"excerpt":{"rendered":"<p>&#8212; La candidata a vicegobernadora por la alianza \u201cLa Libertad Avanza\u201d Evelyn Karsten \u00a0vot\u00f3 a las 9,30 en el Colegio Nacional de la ciudad de Corrientes. Desde dicho establecimiento convoc\u00f3&hellip; <\/p>\n","protected":false},"author":1,"featured_media":224961,"comment_status":"closed","ping_status":"open","sticky":false,"template":"","format":"standard","meta":{"footnotes":""},"categories":[1],"tags":[],"class_list":["post-224956","post","type-post","status-publish","format-standard","has-post-thumbnail","hentry","category-informacion-general"],"_links":{"self":[{"href":"https:\/\/corrientesdetarde.com\/index.php\/wp-json\/wp\/v2\/posts\/224956","targetHints":{"allow":["GET"]}}],"collection":[{"href":"https:\/\/corrientesdetarde.com\/index.php\/wp-json\/wp\/v2\/posts"}],"about":[{"href":"https:\/\/corrientesdetarde.com\/index.php\/wp-json\/wp\/v2\/types\/post"}],"author":[{"embeddable":true,"href":"https:\/\/corrientesdetarde.com\/index.php\/wp-json\/wp\/v2\/users\/1"}],"replies":[{"embeddable":true,"href":"https:\/\/corrientesdetarde.com\/index.php\/wp-json\/wp\/v2\/comments?post=224956"}],"version-history":[{"count":1,"href":"https:\/\/corrientesdetarde.com\/index.php\/wp-json\/wp\/v2\/posts\/224956\/revisions"}],"predecessor-version":[{"id":224962,"href":"https:\/\/corrientesdetarde.com\/index.php\/wp-json\/wp\/v2\/posts\/224956\/revisions\/224962"}],"wp:featuredmedia":[{"embeddable":true,"href":"https:\/\/corrientesdetarde.com\/index.php\/wp-json\/wp\/v2\/media\/224961"}],"wp:attachment":[{"href":"https:\/\/corrientesdetarde.com\/index.php\/wp-json\/wp\/v2\/media?parent=224956"}],"wp:term":[{"taxonomy":"category","embeddable":true,"href":"https:\/\/corrientesdetarde.com\/index.php\/wp-json\/wp\/v2\/categories?post=224956"},{"taxonomy":"post_tag","embeddable":true,"href":"https:\/\/corrientesdetarde.com\/index.php\/wp-json\/wp\/v2\/tags?post=224956"}],"curies":[{"name":"wp","href":"https:\/\/api.w.org\/{rel}","templated":true}]}}