{"id":224957,"date":"2025-08-31T09:52:45","date_gmt":"2025-08-31T12:52:45","guid":{"rendered":"https:\/\/corrientesdetarde.com\/?p=224957"},"modified":"2025-08-31T09:54:44","modified_gmt":"2025-08-31T12:54:44","slug":"voto-colombi-y-almiron-denuncia-las-demoras-en-las-escuelas","status":"publish","type":"post","link":"https:\/\/corrientesdetarde.com\/index.php\/informacion-general\/voto-colombi-y-almiron-denuncia-las-demoras-en-las-escuelas\/","title":{"rendered":"Vot\u00f3 Colombi y Almir\u00f3n denuncia las demoras en las escuelas"},"content":{"rendered":"\n<p>La provincia de&nbsp;<strong>Corrientes&nbsp;<\/strong>va las urnas este domingo. Con&nbsp;<strong>950.320 electores habilitados<\/strong>, los correntinos est\u00e1n listos para sufragar y elegir entre siete f\u00f3rmulas en&nbsp;<strong>373 centros de votaci\u00f3n&nbsp;<\/strong>habilitados en toda la provincia.<\/p>\n\n\n\n<p><\/p>\n\n\n\n<h2 class=\"wp-block-heading\">9.35 Ricardo Colombi<\/h2>\n\n\n\n<p>El candidato a gobernador de ECO se acerc\u00f3 hasta la escuela&nbsp;N.\u00b084 Albino Arbo de Mercedes para sufragar. Precis\u00f3 que al mediod\u00eda viajar\u00e1 a la capital y afirm\u00f3 que el tiempo &#8220;est\u00e1 jugando una mala pasada&#8221;. Adem\u00e1s, se\u00f1al\u00f3: &#8220;Hay siete listas, y cada una de ellas tiene sus propuestas, as\u00ed que el ciudadano que define&#8221;.<\/p>\n\n\n\n<h2 class=\"wp-block-heading\">9.15 Seria denuncia de Lisandro Almir\u00f3n<\/h2>\n\n\n\n<p>El candidato a gobernador, Lisandro Almir\u00f3n, declar\u00f3 ante la prensa sobre la demora en las elecciones en varios establecimientos. Al respecto dijo que &#8220;es una falta de respeto&#8221;,&nbsp;la mayor\u00eda de las escuelas est\u00e1n con retrasos por contratar una empresa que nunca particip\u00f3 de elecciones&#8221;, haciendo menci\u00f3n a Andreani. Finaliz\u00f3 con un contundente &#8220;est\u00e1n haciendo un papel\u00f3n&#8221;.<\/p>\n","protected":false},"excerpt":{"rendered":"<p>La provincia de&nbsp;Corrientes&nbsp;va las urnas este domingo. Con&nbsp;950.320 electores habilitados, los correntinos est\u00e1n listos para sufragar y elegir entre siete f\u00f3rmulas en&nbsp;373 centros de votaci\u00f3n&nbsp;habilitados en toda la provincia. 9.35&hellip; <\/p>\n","protected":false},"author":1,"featured_media":224959,"comment_status":"closed","ping_status":"open","sticky":false,"template":"","format":"standard","meta":{"footnotes":""},"categories":[1],"tags":[],"class_list":["post-224957","post","type-post","status-publish","format-standard","has-post-thumbnail","hentry","category-informacion-general"],"_links":{"self":[{"href":"https:\/\/corrientesdetarde.com\/index.php\/wp-json\/wp\/v2\/posts\/224957","targetHints":{"allow":["GET"]}}],"collection":[{"href":"https:\/\/corrientesdetarde.com\/index.php\/wp-json\/wp\/v2\/posts"}],"about":[{"href":"https:\/\/corrientesdetarde.com\/index.php\/wp-json\/wp\/v2\/types\/post"}],"author":[{"embeddable":true,"href":"https:\/\/corrientesdetarde.com\/index.php\/wp-json\/wp\/v2\/users\/1"}],"replies":[{"embeddable":true,"href":"https:\/\/corrientesdetarde.com\/index.php\/wp-json\/wp\/v2\/comments?post=224957"}],"version-history":[{"count":2,"href":"https:\/\/corrientesdetarde.com\/index.php\/wp-json\/wp\/v2\/posts\/224957\/revisions"}],"predecessor-version":[{"id":224966,"href":"https:\/\/corrientesdetarde.com\/index.php\/wp-json\/wp\/v2\/posts\/224957\/revisions\/224966"}],"wp:featuredmedia":[{"embeddable":true,"href":"https:\/\/corrientesdetarde.com\/index.php\/wp-json\/wp\/v2\/media\/224959"}],"wp:attachment":[{"href":"https:\/\/corrientesdetarde.com\/index.php\/wp-json\/wp\/v2\/media?parent=224957"}],"wp:term":[{"taxonomy":"category","embeddable":true,"href":"https:\/\/corrientesdetarde.com\/index.php\/wp-json\/wp\/v2\/categories?post=224957"},{"taxonomy":"post_tag","embeddable":true,"href":"https:\/\/corrientesdetarde.com\/index.php\/wp-json\/wp\/v2\/tags?post=224957"}],"curies":[{"name":"wp","href":"https:\/\/api.w.org\/{rel}","templated":true}]}}