{"id":224963,"date":"2025-08-31T10:40:45","date_gmt":"2025-08-31T13:40:45","guid":{"rendered":"https:\/\/corrientesdetarde.com\/?p=224963"},"modified":"2025-08-31T11:21:09","modified_gmt":"2025-08-31T14:21:09","slug":"voto-el-gobernador-valdes-tuvimos-una-campana-sucia-ojala-la-proxima-sea-mas-limpia","status":"publish","type":"post","link":"https:\/\/corrientesdetarde.com\/index.php\/informacion-general\/voto-el-gobernador-valdes-tuvimos-una-campana-sucia-ojala-la-proxima-sea-mas-limpia\/","title":{"rendered":"Vot\u00f3 el gobernador Vald\u00e9s: &#8220;Tuvimos una campa\u00f1a sucia, ojal\u00e1 la pr\u00f3xima sea m\u00e1s limpia&#8221;"},"content":{"rendered":"\n<p>El gobernador y candidato a senador de Vamos Corrientes lleg\u00f3 hasta la Escuela Sarmiento y &nbsp;denunci\u00f3 una campa\u00f1a pol\u00edtica &#8220;muy sucia&#8221;. Se\u00f1al\u00f3 que est\u00e1 &#8220;muy tranquilo&#8221; y que esperar\u00e1 los resultados en Casa de Gobierno.&nbsp;<\/p>\n\n\n\n<p>Con respecto a las quejas de la oposici\u00f3n a correo Andreani, el mandatario dijo que de eso se encarga la Justicia Electoral Provincial. &#8220;Lo que s\u00ed nosotros esperemos que la justicia provincial haga su trabajo como corresponde&#8221;, se\u00f1al\u00f3.<\/p>\n","protected":false},"excerpt":{"rendered":"<p>El gobernador y candidato a senador de Vamos Corrientes lleg\u00f3 hasta la Escuela Sarmiento y &nbsp;denunci\u00f3 una campa\u00f1a pol\u00edtica &#8220;muy sucia&#8221;. Se\u00f1al\u00f3 que est\u00e1 &#8220;muy tranquilo&#8221; y que esperar\u00e1 los&hellip; <\/p>\n","protected":false},"author":1,"featured_media":224987,"comment_status":"closed","ping_status":"open","sticky":false,"template":"","format":"standard","meta":{"footnotes":""},"categories":[1],"tags":[],"class_list":["post-224963","post","type-post","status-publish","format-standard","has-post-thumbnail","hentry","category-informacion-general"],"_links":{"self":[{"href":"https:\/\/corrientesdetarde.com\/index.php\/wp-json\/wp\/v2\/posts\/224963","targetHints":{"allow":["GET"]}}],"collection":[{"href":"https:\/\/corrientesdetarde.com\/index.php\/wp-json\/wp\/v2\/posts"}],"about":[{"href":"https:\/\/corrientesdetarde.com\/index.php\/wp-json\/wp\/v2\/types\/post"}],"author":[{"embeddable":true,"href":"https:\/\/corrientesdetarde.com\/index.php\/wp-json\/wp\/v2\/users\/1"}],"replies":[{"embeddable":true,"href":"https:\/\/corrientesdetarde.com\/index.php\/wp-json\/wp\/v2\/comments?post=224963"}],"version-history":[{"count":3,"href":"https:\/\/corrientesdetarde.com\/index.php\/wp-json\/wp\/v2\/posts\/224963\/revisions"}],"predecessor-version":[{"id":224988,"href":"https:\/\/corrientesdetarde.com\/index.php\/wp-json\/wp\/v2\/posts\/224963\/revisions\/224988"}],"wp:featuredmedia":[{"embeddable":true,"href":"https:\/\/corrientesdetarde.com\/index.php\/wp-json\/wp\/v2\/media\/224987"}],"wp:attachment":[{"href":"https:\/\/corrientesdetarde.com\/index.php\/wp-json\/wp\/v2\/media?parent=224963"}],"wp:term":[{"taxonomy":"category","embeddable":true,"href":"https:\/\/corrientesdetarde.com\/index.php\/wp-json\/wp\/v2\/categories?post=224963"},{"taxonomy":"post_tag","embeddable":true,"href":"https:\/\/corrientesdetarde.com\/index.php\/wp-json\/wp\/v2\/tags?post=224963"}],"curies":[{"name":"wp","href":"https:\/\/api.w.org\/{rel}","templated":true}]}}