{"id":224964,"date":"2025-08-31T10:39:13","date_gmt":"2025-08-31T13:39:13","guid":{"rendered":"https:\/\/corrientesdetarde.com\/?p=224964"},"modified":"2025-08-31T10:39:21","modified_gmt":"2025-08-31T13:39:21","slug":"vignolo-hoy-es-un-dia-de-fiesta-es-el-corazon-de-la-democracia","status":"publish","type":"post","link":"https:\/\/corrientesdetarde.com\/index.php\/informacion-general\/vignolo-hoy-es-un-dia-de-fiesta-es-el-corazon-de-la-democracia\/","title":{"rendered":"Vignolo: \u201cHoy es un d\u00eda de fiesta, es el coraz\u00f3n de la democracia\u201d"},"content":{"rendered":"\n<p>El ministro secretario general de la Gobernaci\u00f3n, Carlos Vignolo, vot\u00f3 en la mesa 613 de la Escuela N\u00b08 Juan B. Alberdi y destac\u00f3 la normalidad de la jornada electoral en Corrientes.<\/p>\n\n\n\n<p><\/p>\n\n\n\n<p>\u201cTodo est\u00e1 funcionando, hay mucha tranquilidad. Los reportes que tenemos a lo largo de todo el territorio es de una votaci\u00f3n absolutamente normal\u201d, afirm\u00f3 el funcionario.<\/p>\n\n\n\n<p>El ministro resalt\u00f3 la importancia de la participaci\u00f3n ciudadana: \u201cHoy habla la gente, que se exprese, que diga, que decida qu\u00e9 quiere para su provincia. Todos tenemos que estar con los o\u00eddos puestos en ese mensaje y por supuesto respetar la voluntad popular\u201d. &nbsp;\u201cHoy es un d\u00eda de fiesta, es el coraz\u00f3n de la democracia\u201d, a\u00f1adi\u00f3 el mismo.<\/p>\n\n\n\n<p>Finalmente, sobre el clima pol\u00edtico, subray\u00f3 la necesidad de vivir la jornada con paz y respeto: \u201cQue m\u00e1s all\u00e1 de las diferencias pol\u00edticas, cada uno pueda expresarse en libertad. Y despu\u00e9s habr\u00e1 un resultado. Y despu\u00e9s del resultado, ma\u00f1ana todo el mundo va a trabajar, porque esa es la responsabilidad que tenemos\u201d.<\/p>\n","protected":false},"excerpt":{"rendered":"<p>El ministro secretario general de la Gobernaci\u00f3n, Carlos Vignolo, vot\u00f3 en la mesa 613 de la Escuela N\u00b08 Juan B. Alberdi y destac\u00f3 la normalidad de la jornada electoral en&hellip; <\/p>\n","protected":false},"author":1,"featured_media":224972,"comment_status":"closed","ping_status":"open","sticky":false,"template":"","format":"standard","meta":{"footnotes":""},"categories":[1],"tags":[],"class_list":["post-224964","post","type-post","status-publish","format-standard","has-post-thumbnail","hentry","category-informacion-general"],"_links":{"self":[{"href":"https:\/\/corrientesdetarde.com\/index.php\/wp-json\/wp\/v2\/posts\/224964","targetHints":{"allow":["GET"]}}],"collection":[{"href":"https:\/\/corrientesdetarde.com\/index.php\/wp-json\/wp\/v2\/posts"}],"about":[{"href":"https:\/\/corrientesdetarde.com\/index.php\/wp-json\/wp\/v2\/types\/post"}],"author":[{"embeddable":true,"href":"https:\/\/corrientesdetarde.com\/index.php\/wp-json\/wp\/v2\/users\/1"}],"replies":[{"embeddable":true,"href":"https:\/\/corrientesdetarde.com\/index.php\/wp-json\/wp\/v2\/comments?post=224964"}],"version-history":[{"count":1,"href":"https:\/\/corrientesdetarde.com\/index.php\/wp-json\/wp\/v2\/posts\/224964\/revisions"}],"predecessor-version":[{"id":224973,"href":"https:\/\/corrientesdetarde.com\/index.php\/wp-json\/wp\/v2\/posts\/224964\/revisions\/224973"}],"wp:featuredmedia":[{"embeddable":true,"href":"https:\/\/corrientesdetarde.com\/index.php\/wp-json\/wp\/v2\/media\/224972"}],"wp:attachment":[{"href":"https:\/\/corrientesdetarde.com\/index.php\/wp-json\/wp\/v2\/media?parent=224964"}],"wp:term":[{"taxonomy":"category","embeddable":true,"href":"https:\/\/corrientesdetarde.com\/index.php\/wp-json\/wp\/v2\/categories?post=224964"},{"taxonomy":"post_tag","embeddable":true,"href":"https:\/\/corrientesdetarde.com\/index.php\/wp-json\/wp\/v2\/tags?post=224964"}],"curies":[{"name":"wp","href":"https:\/\/api.w.org\/{rel}","templated":true}]}}