{"id":224965,"date":"2025-08-31T10:38:10","date_gmt":"2025-08-31T13:38:10","guid":{"rendered":"https:\/\/corrientesdetarde.com\/?p=224965"},"modified":"2025-08-31T10:38:22","modified_gmt":"2025-08-31T13:38:22","slug":"elecciones-corrientes-2025-polich-subrayo-la-participacion-de-la-ciudadania-en-la-jornada","status":"publish","type":"post","link":"https:\/\/corrientesdetarde.com\/index.php\/informacion-general\/elecciones-corrientes-2025-polich-subrayo-la-participacion-de-la-ciudadania-en-la-jornada\/","title":{"rendered":"Elecciones Corrientes 2025: Polich subray\u00f3 la participaci\u00f3n de la ciudadan\u00eda en la jornada"},"content":{"rendered":"\n<p>El ministro de Obras y Servicios P\u00fablicos y candidato a Intendente de Corrientes, Claudio Polich, hizo un llamado a votar masivamente y se mostr\u00f3 confiado en una jornada electoral ordenada, pese a inconvenientes iniciales. Rechaz\u00f3 los ataques en redes y sostuvo que la campa\u00f1a deber\u00eda enfocarse en las propuestas.<\/p>\n\n\n\n<p>En su principal contacto con la prensa durante la jornada electoral provincial del domingo 31 de agosto de 2025, Claudio Polich exhort\u00f3 con tono enf\u00e1tico: \u201cEspero que todos se acerquen a votar, es muy importante que todos partimos en la decisi\u00f3n de elegir a las autoridades\u201d. Con ello insisti\u00f3 en \u201cla importancia de la participaci\u00f3n en la democracia\u201d.<\/p>\n\n\n\n<p>Indic\u00f3 que la elecci\u00f3n comenz\u00f3 con demoras en algunos establecimientos educativos, atribuyendo el retraso a \u201clas complicaciones que hay en algunas alianzas, y es relativo; lo importante es que se desarrolle bien el comicio\u201d.<\/p>\n\n\n\n<p>Tras el cierre de campa\u00f1a, Polich valor\u00f3 que el proceso se haya desarrollado sin sobresaltos: \u201cLa campa\u00f1a en general termin\u00f3 bien, s\u00f3lo sentimos la agresi\u00f3n a la figura del Gobernador, sobre todo desde las redes, buscando difamar\u201d. A\u00f1adi\u00f3 con preocupaci\u00f3n: \u201cEs una pena que se elija esto y no el camino a la propuesta\u201d, enfatizando que \u201ccada uno elige la campa\u00f1a que hace seg\u00fan los recursos y valores\u201d.<\/p>\n\n\n\n<p>Sobre el apoyo popular, expres\u00f3 su buena lectura de la jornada: \u201cNosotros pudimos ver mucho acompa\u00f1amiento en la gente, y vemos ahora movimiento, que demuestra participaci\u00f3n, y esperemos que a favor en nuestra propuesta\u201d.<\/p>\n\n\n\n<p>Con respecto a sus expectativas, fue categ\u00f3rico: \u201cTenemos las mejores expectativas porque siempre trabajamos para ganar; vamos a esperar los resultados en el comit\u00e9\u201d. Tambi\u00e9n valor\u00f3 especialmente la presencia juvenil: \u201cNotamos la participaci\u00f3n de muchos j\u00f3venes, lo que es motivador porque garantiza la participaci\u00f3n de la democracia siempre\u201d. Subray\u00f3 adem\u00e1s el rol de estos nuevos votantes: \u201cHay que ser tolerante con los j\u00f3venes, sobre todo que participan por primera vez\u201d.<\/p>\n\n\n\n<p>Pese al clima electoral, se mostr\u00f3 sereno: \u201cEstamos tranquilos. Hicimos una buena campa\u00f1a, tenemos las mejores expectativas. Hicimos todo para que la gente nos conozca y sepa la propuesta, ahora esperamos a que la ciudadan\u00eda elija lo que considere la mejor propuesta tanto para la Municipalidad como para la Provincia\u201d. Y cerr\u00f3 con un llamado general: \u201cSeguro habr\u00e1 una gran participaci\u00f3n de votantes porque es una elecci\u00f3n trascendental, y todos debemos acompa\u00f1ar\u201d.<\/p>\n","protected":false},"excerpt":{"rendered":"<p>El ministro de Obras y Servicios P\u00fablicos y candidato a Intendente de Corrientes, Claudio Polich, hizo un llamado a votar masivamente y se mostr\u00f3 confiado en una jornada electoral ordenada,&hellip; <\/p>\n","protected":false},"author":1,"featured_media":224970,"comment_status":"closed","ping_status":"open","sticky":false,"template":"","format":"standard","meta":{"footnotes":""},"categories":[1],"tags":[],"class_list":["post-224965","post","type-post","status-publish","format-standard","has-post-thumbnail","hentry","category-informacion-general"],"_links":{"self":[{"href":"https:\/\/corrientesdetarde.com\/index.php\/wp-json\/wp\/v2\/posts\/224965","targetHints":{"allow":["GET"]}}],"collection":[{"href":"https:\/\/corrientesdetarde.com\/index.php\/wp-json\/wp\/v2\/posts"}],"about":[{"href":"https:\/\/corrientesdetarde.com\/index.php\/wp-json\/wp\/v2\/types\/post"}],"author":[{"embeddable":true,"href":"https:\/\/corrientesdetarde.com\/index.php\/wp-json\/wp\/v2\/users\/1"}],"replies":[{"embeddable":true,"href":"https:\/\/corrientesdetarde.com\/index.php\/wp-json\/wp\/v2\/comments?post=224965"}],"version-history":[{"count":1,"href":"https:\/\/corrientesdetarde.com\/index.php\/wp-json\/wp\/v2\/posts\/224965\/revisions"}],"predecessor-version":[{"id":224971,"href":"https:\/\/corrientesdetarde.com\/index.php\/wp-json\/wp\/v2\/posts\/224965\/revisions\/224971"}],"wp:featuredmedia":[{"embeddable":true,"href":"https:\/\/corrientesdetarde.com\/index.php\/wp-json\/wp\/v2\/media\/224970"}],"wp:attachment":[{"href":"https:\/\/corrientesdetarde.com\/index.php\/wp-json\/wp\/v2\/media?parent=224965"}],"wp:term":[{"taxonomy":"category","embeddable":true,"href":"https:\/\/corrientesdetarde.com\/index.php\/wp-json\/wp\/v2\/categories?post=224965"},{"taxonomy":"post_tag","embeddable":true,"href":"https:\/\/corrientesdetarde.com\/index.php\/wp-json\/wp\/v2\/tags?post=224965"}],"curies":[{"name":"wp","href":"https:\/\/api.w.org\/{rel}","templated":true}]}}