{"id":224974,"date":"2025-08-31T11:20:58","date_gmt":"2025-08-31T14:20:58","guid":{"rendered":"https:\/\/corrientesdetarde.com\/?p=224974"},"modified":"2025-08-31T11:21:14","modified_gmt":"2025-08-31T14:21:14","slug":"valdes-destaco-la-importancia-del-voto-ciudadano-y-aseguro-que-lo-importante-es-que-el-pueblo-se-exprese-libremente","status":"publish","type":"post","link":"https:\/\/corrientesdetarde.com\/index.php\/destacados\/valdes-destaco-la-importancia-del-voto-ciudadano-y-aseguro-que-lo-importante-es-que-el-pueblo-se-exprese-libremente\/","title":{"rendered":"Vald\u00e9s destac\u00f3 la importancia del voto ciudadano y asegur\u00f3 que \u201clo importante es que el pueblo se exprese libremente\u201d"},"content":{"rendered":"\n<p>Durante la jornada electoral, el gobernador Gustavo Vald\u00e9s llam\u00f3 a una amplia participaci\u00f3n en las urnas, valor\u00f3 el normal desarrollo del comicio y reiter\u00f3 su confianza en las instituciones democr\u00e1ticas, mencionando que las expectativas son buenas. Tambi\u00e9n cuestion\u00f3 la \u201csuciedad\u201d de la campa\u00f1a y subray\u00f3 la necesidad de recuperar el debate de propuestas, e indic\u00f3 que los resultados se conocer\u00e1n despu\u00e9s de las elecciones y que el proceso se desarrolla normalmente.<\/p>\n\n\n\n<p>En el marco de las elecciones provinciales de Corrientes 2025, el gobernador Gustavo Vald\u00e9s subray\u00f3 la trascendencia de la jornada democr\u00e1tica y alent\u00f3 a la ciudadan\u00eda a participar activamente. \u201cEstamos hoy los correntinos eligiendo gobernador y para nosotros es un d\u00eda especial. Esperamos que venga a votar la mayor cantidad de gente posible, de manera tal que podamos expresarnos en las urnas\u201d, expres\u00f3 en contacto con la prensa.<\/p>\n\n\n\n<p>Consultado sobre el desarrollo del comicio, Vald\u00e9s reconoci\u00f3 algunas demoras en las primeras horas, aunque aclar\u00f3 que r\u00e1pidamente fueron resueltas. \u201cS\u00ed, hubo demoras naturales, ausencia de presidentes de mesa por ah\u00ed, pero hoy est\u00e1 100% de todas las urnas desplegadas en la provincia seg\u00fan la informaci\u00f3n de la polic\u00eda\u201d, precis\u00f3.<\/p>\n\n\n\n<figure class=\"wp-block-image size-full\"><img loading=\"lazy\" decoding=\"async\" width=\"942\" height=\"633\" src=\"https:\/\/corrientesdetarde.com\/wp-content\/uploads\/2025\/08\/image-1232.png\" alt=\"\" class=\"wp-image-224991\" srcset=\"https:\/\/corrientesdetarde.com\/wp-content\/uploads\/2025\/08\/image-1232.png 942w, https:\/\/corrientesdetarde.com\/wp-content\/uploads\/2025\/08\/image-1232-300x202.png 300w, https:\/\/corrientesdetarde.com\/wp-content\/uploads\/2025\/08\/image-1232-768x516.png 768w\" sizes=\"auto, (max-width: 942px) 100vw, 942px\" \/><\/figure>\n\n\n\n<p>En cuanto a sus expectativas, asegur\u00f3 que son \u201cmuy buenas\u201d y adelant\u00f3 que aguardar\u00eda los resultados \u201cen Casa de Gobierno o en su domicilio particular, rodeado de su equipo y de su familia\u201d.<\/p>\n\n\n\n<p>El mandatario tambi\u00e9n se refiri\u00f3 al clima pol\u00edtico previo a las elecciones. \u201cTuvimos una campa\u00f1a pol\u00edtica realmente muy sucia, nunca tuve en memoria una campa\u00f1a pol\u00edtica tan sucia\u201d, lament\u00f3. No obstante, remarc\u00f3 su deseo de que en adelante se pueda \u201chacer una campa\u00f1a electoral verdaderamente limpia, donde los candidatos puedan tener propuestas\u201d.<\/p>\n\n\n\n<p>Sobre el funcionamiento del sistema electoral, Vald\u00e9s destac\u00f3 que es la Justicia quien garantiza el proceso y no el Poder Ejecutivo: \u201cGeneralmente los que pierden son los que critican a la Justicia, pero nunca tuvimos inconvenientes; la Justicia electoral es la que garantiza este tipo de procedimientos\u201d.<\/p>\n\n\n\n<p>Asimismo, valor\u00f3 la actitud c\u00edvica de los ciudadanos correntinos y pidi\u00f3 que la jornada transcurra con tranquilidad: \u201cEs lamentable los hechos que estamos viviendo en la Rep\u00fablica Argentina. Nosotros en Corrientes hemos tenido muchas manifestaciones pac\u00edficas, nunca tuvimos problemas con forcejeos. La violencia no debe ser nunca un camino\u201d.<\/p>\n\n\n\n<p>Respecto al clima y al desarrollo en el interior, advirti\u00f3 que en algunas zonas del sur provincial se manten\u00eda \u201cun poco de alerta\u201d por las lluvias previstas hacia la madrugada, aunque destac\u00f3 que en general el comicio se llevaba adelante con normalidad.<\/p>\n\n\n\n<p>Finalmente, el gobernador se mostr\u00f3 confiado en una amplia concurrencia a las urnas y reafirm\u00f3 que la verdadera fortaleza de la democracia radica en la participaci\u00f3n ciudadana: \u201cLo importante es que el pueblo se exprese libremente y que Corrientes siga eligiendo su destino con paz y responsabilidad\u201d.<\/p>\n","protected":false},"excerpt":{"rendered":"<p>Durante la jornada electoral, el gobernador Gustavo Vald\u00e9s llam\u00f3 a una amplia participaci\u00f3n en las urnas, valor\u00f3 el normal desarrollo del comicio y reiter\u00f3 su confianza en las instituciones democr\u00e1ticas,&hellip; <\/p>\n","protected":false},"author":1,"featured_media":224992,"comment_status":"closed","ping_status":"open","sticky":false,"template":"","format":"standard","meta":{"footnotes":""},"categories":[26],"tags":[],"class_list":["post-224974","post","type-post","status-publish","format-standard","has-post-thumbnail","hentry","category-destacados"],"_links":{"self":[{"href":"https:\/\/corrientesdetarde.com\/index.php\/wp-json\/wp\/v2\/posts\/224974","targetHints":{"allow":["GET"]}}],"collection":[{"href":"https:\/\/corrientesdetarde.com\/index.php\/wp-json\/wp\/v2\/posts"}],"about":[{"href":"https:\/\/corrientesdetarde.com\/index.php\/wp-json\/wp\/v2\/types\/post"}],"author":[{"embeddable":true,"href":"https:\/\/corrientesdetarde.com\/index.php\/wp-json\/wp\/v2\/users\/1"}],"replies":[{"embeddable":true,"href":"https:\/\/corrientesdetarde.com\/index.php\/wp-json\/wp\/v2\/comments?post=224974"}],"version-history":[{"count":1,"href":"https:\/\/corrientesdetarde.com\/index.php\/wp-json\/wp\/v2\/posts\/224974\/revisions"}],"predecessor-version":[{"id":224993,"href":"https:\/\/corrientesdetarde.com\/index.php\/wp-json\/wp\/v2\/posts\/224974\/revisions\/224993"}],"wp:featuredmedia":[{"embeddable":true,"href":"https:\/\/corrientesdetarde.com\/index.php\/wp-json\/wp\/v2\/media\/224992"}],"wp:attachment":[{"href":"https:\/\/corrientesdetarde.com\/index.php\/wp-json\/wp\/v2\/media?parent=224974"}],"wp:term":[{"taxonomy":"category","embeddable":true,"href":"https:\/\/corrientesdetarde.com\/index.php\/wp-json\/wp\/v2\/categories?post=224974"},{"taxonomy":"post_tag","embeddable":true,"href":"https:\/\/corrientesdetarde.com\/index.php\/wp-json\/wp\/v2\/tags?post=224974"}],"curies":[{"name":"wp","href":"https:\/\/api.w.org\/{rel}","templated":true}]}}