{"id":224981,"date":"2025-08-31T11:03:25","date_gmt":"2025-08-31T14:03:25","guid":{"rendered":"https:\/\/corrientesdetarde.com\/?p=224981"},"modified":"2025-08-31T11:03:37","modified_gmt":"2025-08-31T14:03:37","slug":"liderazgos-narcisistas-y-el-espejo-que-no-queremos-mirar","status":"publish","type":"post","link":"https:\/\/corrientesdetarde.com\/index.php\/opinion-2\/liderazgos-narcisistas-y-el-espejo-que-no-queremos-mirar\/","title":{"rendered":"LIDERAZGOS NARCISISTAS Y EL ESPEJO QUE NO QUEREMOS MIRAR"},"content":{"rendered":"\n<p>(Lic. Arturo Flier Soci\u00f3logo-Psic\u00f3logo Social \/Ambito Financiero) Existen diversas definiciones de narcisismo. Alguna de ellas se refiere a una preocupaci\u00f3n excesiva por uno mismo, un sentido inflado de la propia importancia y una falta de empat\u00eda hacia los dem\u00e1s. Es un rasgo de personalidad que puede variar en intensidad, desde una forma leve y adaptativa hasta un trastorno de personalidad que es ya una condici\u00f3n cl\u00ednica.<\/p>\n\n\n\n<p>Tal narcisismo se ve reflejado en la vigencia de las \u201cselfies\u201d como en procurar compartir im\u00e1genes de la vida cotidiana sin relevancia como la comida que se ingiere o en poder volcar odios e insultos impunemente por ejemplo, reflejo de la creciente sensaci\u00f3n de soledad tambi\u00e9n evidenciada por la cantidad de hogares unipersonales, paradoja evidente la de este mundo hiperconectado y aislado. El v\u00ednculo con la computadora, por su parte, va sustituyendo a las relaciones humanas increment\u00e1ndose desde edades cada vez m\u00e1s tempranas la exposici\u00f3n a redes. La IA generativa da un paso a\u00fan mayor puesto que se posiciona como un nuevo tipo de acompa\u00f1ante: disponible 24\/7, sin juicios negativos hacia quien la utiliza sino elogiando cada pregunta (\u201cprompt\u201d) contribuyendo as\u00ed a reforzar el propio ego. Un s\u00edntoma claro de que el uso que se da a la tecnolog\u00eda colabora con un nuevo tipo de humanidad crecientemente narcisista y vulnerable puesto que no existe otro que cuestione nuestros juicios.<\/p>\n\n\n\n<p>En este contexto, \u00bfc\u00f3mo sorprenderse de que surjan l\u00edderes pol\u00edticos con id\u00e9ntica l\u00f3gica tanto en nuestro pa\u00eds como en otros? Personalidades dominantes, intolerantes a la cr\u00edtica, \u00e1vidas de halagos, carentes de empat\u00eda y proclives al autoritarismo. \u00bfCualquier semejanza con nuestra realidad? No parece casualidad.<\/p>\n\n\n\n<p>Tales personalidades en puestos de gran responsabilidad p\u00fablica son posibles s\u00f3lo por la falta de institucionalidad, es decir, de contrapesos tanto a nivel de los otros poderes como tambi\u00e9n por la incapacidad de la oposici\u00f3n pol\u00edtica luego de la implosi\u00f3n de sus partidos producto de propios errores. De modo consecuente, el discurso presidencial inusualmente agresivo e insultante, es un correlato del hartazgo de la poblaci\u00f3n con el sector pol\u00edtico tradicional (la denominada \u201ccasta\u201d) reflejado no s\u00f3lo por una baja constante en la asistencia a las urnas sino tambi\u00e9n por el salto al vac\u00edo que signific\u00f3 el haber votado a favor de un personaje sin estructura ni trayectoria p\u00fablica alguna y con una personalidad rayana en la psicopat\u00eda.<\/p>\n\n\n\n<p>Cabe preguntarse entonces si el liderazgo narcisista que muestra el actual Presidente responde s\u00f3lo a caracter\u00edsticas personales de quien ha sido emocionalmente abusado en su ni\u00f1ez o as\u00ed tambi\u00e9n a un sector de la poblaci\u00f3n que se ve reflejada en tal imagen.<\/p>\n\n\n\n<p>No es secreto alguno que la poblaci\u00f3n ha hecho una gran apuesta luego de haber perdido sus esperanzas en el sector pol\u00edtico tradicional tras los fracasos de las gestiones de Cambiemos y el \u00faltimo gobierno peronista. Poblaci\u00f3n compuesta por nuevas generaciones que por primera vez en la Argentina tendr\u00e1n menor calidad de vida que sus padres, jubilados en situaci\u00f3n de miseria, personas con discapacidad libradas a su suerte en tanto quienes a\u00fan cuentan con un empleo deben restringirse en sus necesidades b\u00e1sicas como alimentos y salud, viviendo con permanente temor a perder su trabajo.<\/p>\n\n\n\n<p>Estos liderazgos no nacen solos, provienen del seno de nuestra propia sociedad. Surgen porque las instituciones fallan y la corrupci\u00f3n se ha naturalizado, la oposici\u00f3n se diluye y la ciudadan\u00eda, cansada de la \u201ccasta\u201d no por su falta de moralidad sino por no dar las respuestas econ\u00f3micas esperadas, apuesta a \u201coutsiders\u201d aunque \u00e9stos exhiban rasgos cercanos a la psicopat\u00eda.<\/p>\n\n\n\n<p>La pregunta es inc\u00f3moda: \u00bftenemos un Presidente narcisista o una sociedad que se reconoce en \u00e9l?.<\/p>\n\n\n\n<p>De modo alguno, deseo concluir con aquella nefasta frase de que \u201ccada pueblo tiene el gobierno que se merece\u201d puesto que nadie merece una dictadura o un gobierno reaccionario, sino asumir nuestras falencias como sociedad porque estos gobernantes surgen de la misma. En el fondo, este liderazgo no es m\u00e1s que la imagen distorsionada de una comunidad herida que ya no sabe si busca soluciones\u2026 o una representaci\u00f3n de s\u00ed misma.<\/p>\n","protected":false},"excerpt":{"rendered":"<p>(Lic. Arturo Flier Soci\u00f3logo-Psic\u00f3logo Social \/Ambito Financiero) Existen diversas definiciones de narcisismo. Alguna de ellas se refiere a una preocupaci\u00f3n excesiva por uno mismo, un sentido inflado de la propia&hellip; <\/p>\n","protected":false},"author":11,"featured_media":224982,"comment_status":"closed","ping_status":"open","sticky":false,"template":"","format":"standard","meta":{"footnotes":""},"categories":[2910],"tags":[],"class_list":["post-224981","post","type-post","status-publish","format-standard","has-post-thumbnail","hentry","category-opinion-2"],"_links":{"self":[{"href":"https:\/\/corrientesdetarde.com\/index.php\/wp-json\/wp\/v2\/posts\/224981","targetHints":{"allow":["GET"]}}],"collection":[{"href":"https:\/\/corrientesdetarde.com\/index.php\/wp-json\/wp\/v2\/posts"}],"about":[{"href":"https:\/\/corrientesdetarde.com\/index.php\/wp-json\/wp\/v2\/types\/post"}],"author":[{"embeddable":true,"href":"https:\/\/corrientesdetarde.com\/index.php\/wp-json\/wp\/v2\/users\/11"}],"replies":[{"embeddable":true,"href":"https:\/\/corrientesdetarde.com\/index.php\/wp-json\/wp\/v2\/comments?post=224981"}],"version-history":[{"count":1,"href":"https:\/\/corrientesdetarde.com\/index.php\/wp-json\/wp\/v2\/posts\/224981\/revisions"}],"predecessor-version":[{"id":224983,"href":"https:\/\/corrientesdetarde.com\/index.php\/wp-json\/wp\/v2\/posts\/224981\/revisions\/224983"}],"wp:featuredmedia":[{"embeddable":true,"href":"https:\/\/corrientesdetarde.com\/index.php\/wp-json\/wp\/v2\/media\/224982"}],"wp:attachment":[{"href":"https:\/\/corrientesdetarde.com\/index.php\/wp-json\/wp\/v2\/media?parent=224981"}],"wp:term":[{"taxonomy":"category","embeddable":true,"href":"https:\/\/corrientesdetarde.com\/index.php\/wp-json\/wp\/v2\/categories?post=224981"},{"taxonomy":"post_tag","embeddable":true,"href":"https:\/\/corrientesdetarde.com\/index.php\/wp-json\/wp\/v2\/tags?post=224981"}],"curies":[{"name":"wp","href":"https:\/\/api.w.org\/{rel}","templated":true}]}}