{"id":224994,"date":"2025-08-31T12:05:01","date_gmt":"2025-08-31T15:05:01","guid":{"rendered":"https:\/\/corrientesdetarde.com\/?p=224994"},"modified":"2025-08-31T12:05:12","modified_gmt":"2025-08-31T15:05:12","slug":"juan-pablo-valdes-hay-que-involucrarse-y-luchar-por-un-futuro-mejor","status":"publish","type":"post","link":"https:\/\/corrientesdetarde.com\/index.php\/actualidad\/juan-pablo-valdes-hay-que-involucrarse-y-luchar-por-un-futuro-mejor\/","title":{"rendered":"Juan Pablo Vald\u00e9s: &#8220;Hay que involucrarse y luchar por un futuro mejor&#8221;"},"content":{"rendered":"\n<p>El intendente de Ituzaing\u00f3 y candidato a gobernador de Vamos Corrientes, Juan Pablo Vald\u00e9s, afirm\u00f3 que \u00a0&#8220;Hoy las urnas van a hablar&#8221;, \u00a0 dijo adem\u00e1s que la &#8220;manera de cambiar la realidad es involucrarse&#8221; y que &#8220;los j\u00f3venes tienen que luchar por un futuro mejor&#8221;.\u00a0<\/p>\n\n\n\n<p><\/p>\n\n\n\n<p>Por otra parte,&nbsp; Juan Pablo Vald\u00e9s, cuestion\u00f3&nbsp; la &#8220;campa\u00f1a fue sucia&#8221; y se\u00f1al\u00f3 al respecto que&nbsp; &#8220;la gente se cans\u00f3 de agravios y mentiras&#8221;.<\/p>\n\n\n\n<p>El candidato a gobernador, afirm\u00f3: &#8220;muchos j\u00f3venes aportando a la pol\u00edtica por primera vez, estoy muy contento por eso, la manera de cambiar la realidad es involucrar, los j\u00f3venes tienen que acercarse, luchar por un futuro mejor&#8221;.<\/p>\n\n\n\n<p>A su vez, de la campa\u00f1a electoral para estas elecciones, Juan Pablo Vald\u00e9s, remarc\u00f3: &#8220;nosotros hemos visto c\u00f3mo se han metido con temas personales que poco ten\u00edan que ver con la pol\u00edtica, con agravios, mentiras e injurias, la gente est\u00e1 candada de la pelea&#8221;; y destac\u00f3: &#8220;aquel que no entendi\u00f3 o no interpret\u00f3 lo que quiso la gente fue por el camino errado de agresiones y agravios, hoy las urnas van a hablar&#8221;.<\/p>\n\n\n\n<p>Adem\u00e1s, sobre las dudas en cuanto a la claridad de los comicios, el jefe comunal de Ituzaing\u00f3, consider\u00f3: &#8220;es lo mismo que hicieron siempre, siempre tienen una chicana, un agravio, una mentira&#8221;.<\/p>\n","protected":false},"excerpt":{"rendered":"<p>El intendente de Ituzaing\u00f3 y candidato a gobernador de Vamos Corrientes, Juan Pablo Vald\u00e9s, afirm\u00f3 que \u00a0&#8220;Hoy las urnas van a hablar&#8221;, \u00a0 dijo adem\u00e1s que la &#8220;manera de cambiar&hellip; <\/p>\n","protected":false},"author":1,"featured_media":224995,"comment_status":"closed","ping_status":"open","sticky":false,"template":"","format":"standard","meta":{"footnotes":""},"categories":[23],"tags":[],"class_list":["post-224994","post","type-post","status-publish","format-standard","has-post-thumbnail","hentry","category-actualidad"],"_links":{"self":[{"href":"https:\/\/corrientesdetarde.com\/index.php\/wp-json\/wp\/v2\/posts\/224994","targetHints":{"allow":["GET"]}}],"collection":[{"href":"https:\/\/corrientesdetarde.com\/index.php\/wp-json\/wp\/v2\/posts"}],"about":[{"href":"https:\/\/corrientesdetarde.com\/index.php\/wp-json\/wp\/v2\/types\/post"}],"author":[{"embeddable":true,"href":"https:\/\/corrientesdetarde.com\/index.php\/wp-json\/wp\/v2\/users\/1"}],"replies":[{"embeddable":true,"href":"https:\/\/corrientesdetarde.com\/index.php\/wp-json\/wp\/v2\/comments?post=224994"}],"version-history":[{"count":1,"href":"https:\/\/corrientesdetarde.com\/index.php\/wp-json\/wp\/v2\/posts\/224994\/revisions"}],"predecessor-version":[{"id":224996,"href":"https:\/\/corrientesdetarde.com\/index.php\/wp-json\/wp\/v2\/posts\/224994\/revisions\/224996"}],"wp:featuredmedia":[{"embeddable":true,"href":"https:\/\/corrientesdetarde.com\/index.php\/wp-json\/wp\/v2\/media\/224995"}],"wp:attachment":[{"href":"https:\/\/corrientesdetarde.com\/index.php\/wp-json\/wp\/v2\/media?parent=224994"}],"wp:term":[{"taxonomy":"category","embeddable":true,"href":"https:\/\/corrientesdetarde.com\/index.php\/wp-json\/wp\/v2\/categories?post=224994"},{"taxonomy":"post_tag","embeddable":true,"href":"https:\/\/corrientesdetarde.com\/index.php\/wp-json\/wp\/v2\/tags?post=224994"}],"curies":[{"name":"wp","href":"https:\/\/api.w.org\/{rel}","templated":true}]}}