{"id":224997,"date":"2025-08-31T14:36:00","date_gmt":"2025-08-31T17:36:00","guid":{"rendered":"https:\/\/corrientesdetarde.com\/?p=224997"},"modified":"2025-08-31T14:36:06","modified_gmt":"2025-08-31T17:36:06","slug":"braillard-poccard-siempre-es-necesario-hacer-una-jornada-de-fiesta-mas-alla-de-los-resultados","status":"publish","type":"post","link":"https:\/\/corrientesdetarde.com\/index.php\/actualidad\/braillard-poccard-siempre-es-necesario-hacer-una-jornada-de-fiesta-mas-alla-de-los-resultados\/","title":{"rendered":"Braillard Poccard: \u201cSiempre es necesario hacer una jornada de fiesta m\u00e1s all\u00e1 de los resultados\u201d"},"content":{"rendered":"\n<p>ELECCIONES PROVINCIALES 2025<br><em>Braillard Poccard: \u201cSiempre es necesario hacer una jornada de fiesta m\u00e1s all\u00e1 de los resultados\u201d<\/em><br>El Vicegobernador de la provincia y candidato a su reelecci\u00f3n por la alianza \u201cVamos Corrientes\u201d, emiti\u00f3 su sufragio en la Escuela N\u00b03 del Centenario de la ciudad capital<br>En contacto con la prensa destac\u00f3 \u201cveo interesante el movimiento de gente, creo que el porcentaje va a ser bueno, como siempre, y la tranquilidad que es propia de los actos comiciales en Corrientes. El ciudadano, la ciudadana correntina son personas sumamente correctas y tambi\u00e9n lo son en el momento de ejercer el soberano derecho de votar, as\u00ed que creo que como siempre es necesario hacer una jornada de fiesta m\u00e1s all\u00e1 de los resultados\u201d.<\/p>\n\n\n\n<p><\/p>\n\n\n\n<figure class=\"wp-block-image size-large\"><img loading=\"lazy\" decoding=\"async\" width=\"1024\" height=\"682\" src=\"https:\/\/corrientesdetarde.com\/wp-content\/uploads\/2025\/08\/1000033282-1024x682.jpg\" alt=\"\" class=\"wp-image-224999\" srcset=\"https:\/\/corrientesdetarde.com\/wp-content\/uploads\/2025\/08\/1000033282-1024x682.jpg 1024w, https:\/\/corrientesdetarde.com\/wp-content\/uploads\/2025\/08\/1000033282-300x200.jpg 300w, https:\/\/corrientesdetarde.com\/wp-content\/uploads\/2025\/08\/1000033282-768x512.jpg 768w, https:\/\/corrientesdetarde.com\/wp-content\/uploads\/2025\/08\/1000033282.jpg 1280w\" sizes=\"auto, (max-width: 1024px) 100vw, 1024px\" \/><\/figure>\n\n\n\n<p><\/p>\n\n\n\n<figure class=\"wp-block-image size-large\"><img loading=\"lazy\" decoding=\"async\" width=\"1024\" height=\"682\" src=\"https:\/\/corrientesdetarde.com\/wp-content\/uploads\/2025\/08\/1000033281-1024x682.jpg\" alt=\"\" class=\"wp-image-224998\" srcset=\"https:\/\/corrientesdetarde.com\/wp-content\/uploads\/2025\/08\/1000033281-1024x682.jpg 1024w, https:\/\/corrientesdetarde.com\/wp-content\/uploads\/2025\/08\/1000033281-300x200.jpg 300w, https:\/\/corrientesdetarde.com\/wp-content\/uploads\/2025\/08\/1000033281-768x512.jpg 768w, https:\/\/corrientesdetarde.com\/wp-content\/uploads\/2025\/08\/1000033281.jpg 1280w\" sizes=\"auto, (max-width: 1024px) 100vw, 1024px\" \/><\/figure>\n\n\n\n<p><br>Reiter\u00f3 que la participaci\u00f3n de la ciudadan\u00eda es un derecho: \u201ces el derecho de cada uno, cada quien sabe si quiere utilizar o no su derecho. Recordemos que la obligatoriedad del voto fue impuesta en su momento por la Ley S\u00e1enz Pe\u00f1a justamente para garantizar el ejercicio del derecho al voto, como fue impuesto el secreto para que nadie pudiera vigilar a nadie y la obligatoriedad era para que nadie pudiera impedir a otro ir a votar, as\u00ed que es un derecho de la gente\u201d. Y a\u00f1adi\u00f3 \u201csugiero que se vote pero cada uno es due\u00f1o de su propia decisi\u00f3n\u201d<br>Por otra parte, el Vicegobernador elogi\u00f3 el movimiento de sufragantes, \u201cestuve recorriendo un poco y se ve un movimiento muy interesante y algunos porcentajes me han pasado, est\u00e1n m\u00e1s del 40%, lo que para esta hora es muy bueno\u201d.<br>Sobre las actividades que realizar\u00e1 tras haber votado, Braillard Poccard anticip\u00f3 \u201cvoy a andar recorriendo un poco, visitando, siempre me gusta saludar, visitar, es una manera de vivir y tambi\u00e9n de canalizar la ansiedad. Pero la verdad es que estoy muy tranquilo, muy contento porque veo la misma vocaci\u00f3n de siempre de la gente, de ejercer su derecho al voto\u201d.<br>Para finalizar el Vicegobernador sostuvo \u201cestoy convencido que el proceso es absolutamente transparente y la gente vota libremente y hay fiscales en todos lados\u201d.<\/p>\n\n\n\n<p><\/p>\n","protected":false},"excerpt":{"rendered":"<p>ELECCIONES PROVINCIALES 2025Braillard Poccard: \u201cSiempre es necesario hacer una jornada de fiesta m\u00e1s all\u00e1 de los resultados\u201dEl Vicegobernador de la provincia y candidato a su reelecci\u00f3n por la alianza \u201cVamos&hellip; <\/p>\n","protected":false},"author":1,"featured_media":224999,"comment_status":"closed","ping_status":"open","sticky":false,"template":"","format":"standard","meta":{"footnotes":""},"categories":[23],"tags":[],"class_list":["post-224997","post","type-post","status-publish","format-standard","has-post-thumbnail","hentry","category-actualidad"],"_links":{"self":[{"href":"https:\/\/corrientesdetarde.com\/index.php\/wp-json\/wp\/v2\/posts\/224997","targetHints":{"allow":["GET"]}}],"collection":[{"href":"https:\/\/corrientesdetarde.com\/index.php\/wp-json\/wp\/v2\/posts"}],"about":[{"href":"https:\/\/corrientesdetarde.com\/index.php\/wp-json\/wp\/v2\/types\/post"}],"author":[{"embeddable":true,"href":"https:\/\/corrientesdetarde.com\/index.php\/wp-json\/wp\/v2\/users\/1"}],"replies":[{"embeddable":true,"href":"https:\/\/corrientesdetarde.com\/index.php\/wp-json\/wp\/v2\/comments?post=224997"}],"version-history":[{"count":1,"href":"https:\/\/corrientesdetarde.com\/index.php\/wp-json\/wp\/v2\/posts\/224997\/revisions"}],"predecessor-version":[{"id":225000,"href":"https:\/\/corrientesdetarde.com\/index.php\/wp-json\/wp\/v2\/posts\/224997\/revisions\/225000"}],"wp:featuredmedia":[{"embeddable":true,"href":"https:\/\/corrientesdetarde.com\/index.php\/wp-json\/wp\/v2\/media\/224999"}],"wp:attachment":[{"href":"https:\/\/corrientesdetarde.com\/index.php\/wp-json\/wp\/v2\/media?parent=224997"}],"wp:term":[{"taxonomy":"category","embeddable":true,"href":"https:\/\/corrientesdetarde.com\/index.php\/wp-json\/wp\/v2\/categories?post=224997"},{"taxonomy":"post_tag","embeddable":true,"href":"https:\/\/corrientesdetarde.com\/index.php\/wp-json\/wp\/v2\/tags?post=224997"}],"curies":[{"name":"wp","href":"https:\/\/api.w.org\/{rel}","templated":true}]}}