{"id":225001,"date":"2025-08-31T15:15:33","date_gmt":"2025-08-31T18:15:33","guid":{"rendered":"https:\/\/corrientesdetarde.com\/?p=225001"},"modified":"2025-08-31T15:15:37","modified_gmt":"2025-08-31T18:15:37","slug":"mario-branz-los-importante-es-que-la-gente-pueda-dar-su-veredicto-con-el-voto","status":"publish","type":"post","link":"https:\/\/corrientesdetarde.com\/index.php\/informacion-general\/mario-branz-los-importante-es-que-la-gente-pueda-dar-su-veredicto-con-el-voto\/","title":{"rendered":"Mario Branz: &#8220;Los importante es que la gente pueda dar su veredicto con el voto&#8221;"},"content":{"rendered":"\n<p>El candidato a diputado Mario\u00a0Branz de Vamos Corrientes vot\u00f3 en la Escuela Centenario, resaltando que &#8220;nos toc\u00f3 un hermoso d\u00eda que le permite a la gente movilizarse&#8221;, porque &#8220;lo importante es que la gente vaya a elegir sus candidatos&#8221; y dese\u00f3 que &#8220;sea una jornada c\u00edvica tranquila&#8221;.<\/p>\n\n\n\n<p><\/p>\n\n\n\n<p>M\u00e1s all\u00e1 de las demoras iniciales, Branz consider\u00f3 que &#8220;lo importante es que la gente pueda emitir su voto y dar su veredicto&#8221;. Y espera un alto nivel de participaci\u00f3n, dado que, al elegirse gobernador e intendentes, &#8220;la gente se interesa m\u00e1s&#8221;, en comparaci\u00f3n a elecciones de medio t\u00e9rmino.<\/p>\n","protected":false},"excerpt":{"rendered":"<p>El candidato a diputado Mario\u00a0Branz de Vamos Corrientes vot\u00f3 en la Escuela Centenario, resaltando que &#8220;nos toc\u00f3 un hermoso d\u00eda que le permite a la gente movilizarse&#8221;, porque &#8220;lo importante&hellip; <\/p>\n","protected":false},"author":1,"featured_media":225008,"comment_status":"closed","ping_status":"open","sticky":false,"template":"","format":"standard","meta":{"footnotes":""},"categories":[1],"tags":[],"class_list":["post-225001","post","type-post","status-publish","format-standard","has-post-thumbnail","hentry","category-informacion-general"],"_links":{"self":[{"href":"https:\/\/corrientesdetarde.com\/index.php\/wp-json\/wp\/v2\/posts\/225001","targetHints":{"allow":["GET"]}}],"collection":[{"href":"https:\/\/corrientesdetarde.com\/index.php\/wp-json\/wp\/v2\/posts"}],"about":[{"href":"https:\/\/corrientesdetarde.com\/index.php\/wp-json\/wp\/v2\/types\/post"}],"author":[{"embeddable":true,"href":"https:\/\/corrientesdetarde.com\/index.php\/wp-json\/wp\/v2\/users\/1"}],"replies":[{"embeddable":true,"href":"https:\/\/corrientesdetarde.com\/index.php\/wp-json\/wp\/v2\/comments?post=225001"}],"version-history":[{"count":1,"href":"https:\/\/corrientesdetarde.com\/index.php\/wp-json\/wp\/v2\/posts\/225001\/revisions"}],"predecessor-version":[{"id":225012,"href":"https:\/\/corrientesdetarde.com\/index.php\/wp-json\/wp\/v2\/posts\/225001\/revisions\/225012"}],"wp:featuredmedia":[{"embeddable":true,"href":"https:\/\/corrientesdetarde.com\/index.php\/wp-json\/wp\/v2\/media\/225008"}],"wp:attachment":[{"href":"https:\/\/corrientesdetarde.com\/index.php\/wp-json\/wp\/v2\/media?parent=225001"}],"wp:term":[{"taxonomy":"category","embeddable":true,"href":"https:\/\/corrientesdetarde.com\/index.php\/wp-json\/wp\/v2\/categories?post=225001"},{"taxonomy":"post_tag","embeddable":true,"href":"https:\/\/corrientesdetarde.com\/index.php\/wp-json\/wp\/v2\/tags?post=225001"}],"curies":[{"name":"wp","href":"https:\/\/api.w.org\/{rel}","templated":true}]}}