{"id":225010,"date":"2025-08-31T15:13:22","date_gmt":"2025-08-31T18:13:22","guid":{"rendered":"https:\/\/corrientesdetarde.com\/?p=225010"},"modified":"2025-08-31T15:16:16","modified_gmt":"2025-08-31T18:16:16","slug":"ya-voto-mas-del-46-del-padron-en-la-capital","status":"publish","type":"post","link":"https:\/\/corrientesdetarde.com\/index.php\/informacion-general\/ya-voto-mas-del-46-del-padron-en-la-capital\/","title":{"rendered":"Ya vot\u00f3 m\u00e1s del 46% del padr\u00f3n en la Capital"},"content":{"rendered":"\n<p>La provincia de&nbsp;<strong>Corrientes&nbsp;<\/strong>va las urnas este domingo. Con&nbsp;<strong>950.320 electores habilitados<\/strong>, los correntinos est\u00e1n listos para sufragar y elegir entre siete f\u00f3rmulas en&nbsp;<strong>373 centros de votaci\u00f3n&nbsp;<\/strong>habilitados en toda la provincia.<\/p>\n\n\n\n<figure class=\"wp-block-image\"><img decoding=\"async\" src=\"https:\/\/pxcdn.ellitoral.com.ar\/litoral\/082025\/1756638992123.jpeg?cw=807\" alt=\"Escuela Normal. Demoras para habilitar algunas mesas.\" title=\"Escuela Normal. Demoras para habilitar algunas mesas.-\"\/><\/figure>\n","protected":false},"excerpt":{"rendered":"<p>La provincia de&nbsp;Corrientes&nbsp;va las urnas este domingo. Con&nbsp;950.320 electores habilitados, los correntinos est\u00e1n listos para sufragar y elegir entre siete f\u00f3rmulas en&nbsp;373 centros de votaci\u00f3n&nbsp;habilitados en toda la provincia.<\/p>\n","protected":false},"author":1,"featured_media":224920,"comment_status":"closed","ping_status":"open","sticky":false,"template":"","format":"standard","meta":{"footnotes":""},"categories":[26,1],"tags":[],"class_list":["post-225010","post","type-post","status-publish","format-standard","has-post-thumbnail","hentry","category-destacados","category-informacion-general"],"_links":{"self":[{"href":"https:\/\/corrientesdetarde.com\/index.php\/wp-json\/wp\/v2\/posts\/225010","targetHints":{"allow":["GET"]}}],"collection":[{"href":"https:\/\/corrientesdetarde.com\/index.php\/wp-json\/wp\/v2\/posts"}],"about":[{"href":"https:\/\/corrientesdetarde.com\/index.php\/wp-json\/wp\/v2\/types\/post"}],"author":[{"embeddable":true,"href":"https:\/\/corrientesdetarde.com\/index.php\/wp-json\/wp\/v2\/users\/1"}],"replies":[{"embeddable":true,"href":"https:\/\/corrientesdetarde.com\/index.php\/wp-json\/wp\/v2\/comments?post=225010"}],"version-history":[{"count":1,"href":"https:\/\/corrientesdetarde.com\/index.php\/wp-json\/wp\/v2\/posts\/225010\/revisions"}],"predecessor-version":[{"id":225011,"href":"https:\/\/corrientesdetarde.com\/index.php\/wp-json\/wp\/v2\/posts\/225010\/revisions\/225011"}],"wp:featuredmedia":[{"embeddable":true,"href":"https:\/\/corrientesdetarde.com\/index.php\/wp-json\/wp\/v2\/media\/224920"}],"wp:attachment":[{"href":"https:\/\/corrientesdetarde.com\/index.php\/wp-json\/wp\/v2\/media?parent=225010"}],"wp:term":[{"taxonomy":"category","embeddable":true,"href":"https:\/\/corrientesdetarde.com\/index.php\/wp-json\/wp\/v2\/categories?post=225010"},{"taxonomy":"post_tag","embeddable":true,"href":"https:\/\/corrientesdetarde.com\/index.php\/wp-json\/wp\/v2\/tags?post=225010"}],"curies":[{"name":"wp","href":"https:\/\/api.w.org\/{rel}","templated":true}]}}