{"id":225132,"date":"2025-09-01T15:10:45","date_gmt":"2025-09-01T18:10:45","guid":{"rendered":"https:\/\/corrientesdetarde.com\/?p=225132"},"modified":"2025-09-01T15:10:52","modified_gmt":"2025-09-01T18:10:52","slug":"con-seis-disenadores-del-interior-del-pais-la-camara-argentina-de-la-moda-desfilo-en-argentina-fashion-week","status":"publish","type":"post","link":"https:\/\/corrientesdetarde.com\/index.php\/tendencias\/con-seis-disenadores-del-interior-del-pais-la-camara-argentina-de-la-moda-desfilo-en-argentina-fashion-week\/","title":{"rendered":"Con seis dise\u00f1adores del interior del pa\u00eds, La C\u00e1mara Argentina de la Moda desfil\u00f3 en Argentina Fashion Week"},"content":{"rendered":"\n<p>Francisco Ayala, Javier de la Llana, Fabricio Encina, Luz de Luna, Silvia Torres y Fernanda Su\u00e1rez representaron a Tucum\u00e1n, Entre R\u00edos, Santa Fe y Buenos Aires con sus presentaciones en el Palacio San Miguel.<\/p>\n\n\n\n<p>El m\u00edtico Palacio San Miguel fue el escenario de un nuevo desfile en el marco de la\u00a0<strong>\u201c65\u00b0 edici\u00f3n de\u00a0Argentina Fashion Week<\/strong>, la semana que re\u00fane a dise\u00f1adores consagrados y nuevos talentos en distintos puntos de la Ciudad.<\/p>\n\n\n\n<p><strong>La\u00a0C\u00e1mara Argentina de la Moda (CAM)<\/strong>, que acompa\u00f1a, apoya y estimula las iniciativas del sector de la moda local, tuvo la presentaci\u00f3n de sus<strong>\u00a0socios dise\u00f1adores de todos el pa\u00eds<\/strong>, con representantes de las provincias de\u00a0<strong>Tucum\u00e1n, Entre R\u00edos, Santa Fe y Buenos Aires.\u00a0<\/strong>Una a una, estas fueron las propuestas.<\/p>\n\n\n\n<h2 class=\"wp-block-heading\">Javier de la Llana con su colecci\u00f3n&nbsp;<em>Solstice<\/em>&nbsp;<em>SS26<\/em><\/h2>\n\n\n\n<p>La colecci\u00f3n&nbsp;<em><strong>Solstice<\/strong><\/em>&nbsp;de<strong>&nbsp;Javier de la Llana<\/strong>&nbsp;se inspira en el fen\u00f3meno natural que marca el&nbsp;<strong>punto culminante de la luz.<\/strong>&nbsp;El dise\u00f1ador propone una l\u00ednea donde conviven la sutileza de las&nbsp;<strong>transparencias<\/strong>&nbsp;con la solidez de los&nbsp;<strong>vol\u00famenes<\/strong>.<\/p>\n\n\n\n<figure class=\"wp-block-image\"><img decoding=\"async\" src=\"https:\/\/tn.com.ar\/resizer\/v2\/javier-de-la-llana-presento-su-coleccion-solstice-ss26-foto-arfashionweekkoifmanok-4MH7GB3PKNHBHIWQJBE7XB3U44.JPG?auth=abc8c47c40b212ff268e7471ab700e359c395dc26d40e67b7320cbfd6447affc&amp;width=767\" alt=\"Javier de la Llana present\u00f3 su colecci\u00f3n  &quot;Solstice SS26&quot;. (Foto: @arfashionweek\/@koifmanok)\"\/><\/figure>\n\n\n\n<p><strong>Sedas, tules, redes y tafetanes<\/strong>&nbsp;se combinan en armon\u00eda, ofreciendo texturas que transmiten movimiento y ligereza. La paleta crom\u00e1tica se concentra en&nbsp;<strong>dorados, nudes y cobrizos<\/strong>, colores que evocan el resplandor del sol en su m\u00e1xima intensidad, otorgando a cada prenda un aire de sofisticaci\u00f3n y poder.<\/p>\n\n\n\n<h2 class=\"wp-block-heading\">Alta costura por Fabricio Encina<\/h2>\n\n\n\n<p><strong>Fabricio Encina<\/strong>, dise\u00f1ador de alta costura que se destaca por la variedad de dise\u00f1os, se caracterica por&nbsp;<strong>plasmar en cada<\/strong>&nbsp;vestido de manera \u00edntegra&nbsp;<strong>a cada mujer,&nbsp;<\/strong>respetando su actitud y personalidad. El uso de&nbsp;<strong>textiles, bordados, transparencia y siluetas vaporosas&nbsp;<\/strong>son sus sellos.<\/p>\n\n\n\n<figure class=\"wp-block-image\"><img decoding=\"async\" src=\"https:\/\/tn.com.ar\/resizer\/v2\/textiles-bordados-transparencias-y-siluetas-vaporosas-en-la-coleccion-de-fabricio-encina-foto-arfashionweekkoifmanok-BP45476J4NHZXOFRD44VM4FCKI.JPG?auth=2c3ce0ed344a59baf4312d169aee4395a8ea2abc5798ab3f395e1d8e2b587587&amp;width=767\" alt=\"Textiles bordados, transparencias y siluetas vaporosas en la colecci\u00f3n de Fabricio Encina. (Foto: @arfashionweek\/@koifmanok)\"\/><\/figure>\n\n\n\n<h2 class=\"wp-block-heading\">Luz de Luna Alta Costura desde Santa Fe<\/h2>\n\n\n\n<p><strong>Luz de Luna Alta Costura<\/strong>, nacida en el coraz\u00f3n de Rafaela,<strong>&nbsp;Santa Fe,<\/strong>&nbsp;es la visi\u00f3n creativa de las dise\u00f1adoras&nbsp;<strong>Elena Aguilar y Florencia Aschieri.&nbsp;<\/strong>En su&nbsp;<em>atelier<\/em>, la magia se teje en cada puntada, dando vida a&nbsp;<strong>dise\u00f1os exclusivos donde la fusi\u00f3n de telas exquisitas, bordados artesanales y accesorios<\/strong>&nbsp;cuidadosamente seleccionados se unen para crear piezas \u00fanicas y memorables.<\/p>\n\n\n\n<figure class=\"wp-block-image\"><img decoding=\"async\" src=\"https:\/\/tn.com.ar\/resizer\/v2\/luz-de-luna-la-propuesta-de-las-disenadoras-elena-aguilar-y-florencia-aschieri-foto-arfashionweekkoifmanok-GWRNHRUXHRG2VLO5JNXF7SXR2U.JPG?auth=18e6223d6645dba9dcc932084e9e33461576f95ffe5b2dbe0aa106ebcfe916c6&amp;width=767\" alt=\"Luz de Luna, la propuesta de las dise\u00f1adoras Elena Aguilar y Florencia Aschieri. (Foto: @arfashionweek\/@koifmanok)\"\/><\/figure>\n\n\n\n<p>Su nueva colecci\u00f3n,&nbsp;<em>Luz y sombra<\/em>, deja ver en cada una de las creaciones<strong>&nbsp;los colores, las formas y los bordados&nbsp;<\/strong>que la luz de la luna regala en todas sus facetas. \u201cEn Luz de Luna, entendemos la importancia de cada ocasi\u00f3n especial. Por eso, vestimos tus momentos m\u00e1s preciados, desde celebraciones inolvidables hasta eventos donde deseas brillar con luz propia\u201d.<\/p>\n\n\n\n<h2 class=\"wp-block-heading\">Silvia Torres con su colecci\u00f3n&nbsp;<em>Arte y Flores<\/em><\/h2>\n\n\n\n<p>La dise\u00f1adora argentina&nbsp;<strong>Silvia Torres,<\/strong>&nbsp;creadora de la marca&nbsp;<strong>Trust de Par\u00eds<\/strong>&nbsp;y oriunda&nbsp;<strong>de Entre R\u00edos<\/strong>, present\u00f3 su nueva colecci\u00f3n<em><strong>Arte y Flores<\/strong><\/em>. Una propuesta&nbsp;<strong>vers\u00e1til<\/strong>,&nbsp;<strong>moderna<\/strong>&nbsp;y&nbsp;<strong>libre de g\u00e9nero<\/strong>&nbsp;que propone una est\u00e9tica de elegancia relajada, donde el dise\u00f1o acompa\u00f1a el movimiento natural del cuerpo.<\/p>\n\n\n\n<figure class=\"wp-block-image\"><img decoding=\"async\" src=\"https:\/\/tn.com.ar\/resizer\/v2\/silvia-torres-presento-su-coleccion-arte-y-flores-foto-arfashionweekkoifmanok-ZNTT4LMYGFBFNBTHUY75VPSKAA.JPG?auth=264a43f1bda55479cee7ed52123ed4d2b0093b52319c349a5cd73d367322d834&amp;width=767\" alt=\"Silvia Torres present\u00f3 su colecci\u00f3n &quot;Arte y flores&quot;. (Foto: @arfashionweek\/@koifmanok)\"\/><\/figure>\n\n\n\n<p>Incluye una selecci\u00f3n de&nbsp;<strong>blazers, pantalones, blusas y vestidos,<\/strong>&nbsp;con una paleta que transita desde&nbsp;<strong>tonos vibrantes hasta pasteles suaves<\/strong>, en telas que aportan car\u00e1cter y sofisticaci\u00f3n:&nbsp;<strong>gasas, sedas, tul bordado, brocato y sat\u00e9n.<\/strong><\/p>\n\n\n\n<p>La colecci\u00f3n se completa con una&nbsp;<strong>c\u00e1psula de accesorios a cargo de Byzance<\/strong>, que aporta texturas y formas que dialogan con cada uno de los looks.<\/p>\n\n\n\n<h2 class=\"wp-block-heading\">Fernanda Su\u00e1rez, alta costura e innovaci\u00f3n<\/h2>\n\n\n\n<p><strong>Fernanda Su\u00e1rez,<\/strong>&nbsp;la dise\u00f1adora especializada en dise\u00f1o de Alta Costura, busca innovar y sorprender con sus creaciones, a trav\u00e9s de un estilo caracterizado por la&nbsp;<strong>elegancia la sofisticaci\u00f3n<\/strong>&nbsp;y la&nbsp;<strong>atenci\u00f3n al detalle<\/strong>&nbsp;de cada dise\u00f1o.<\/p>\n\n\n\n<figure class=\"wp-block-image\"><img decoding=\"async\" src=\"https:\/\/tn.com.ar\/resizer\/v2\/fernanda-suarez-llego-con-sus-disenos-que-se-inspiran-en-la-belleza-de-lo-cotidiano-foto-arfashionweekkoifmanok-DTGRA6DNDRD3HHHPGAYSMUXCIY.JPG?auth=2f332806ee5d07d6e91d52e4ead76d7dac9b7a98795fa5a30b831dce02d7597f&amp;width=767\" alt=\"Fernanda Su\u00e1rez lleg\u00f3 con sus dise\u00f1os que se inspiran en la belleza de lo cotidiano. (Foto: @arfashionweek\/@koifmanok)\"\/><\/figure>\n\n\n\n<p>Sus dise\u00f1os se inspiran en la belleza de lo cotidiano y capturan la esencia de sus clientes, combinando tradici\u00f3n con modernidad, creando piezas \u00fanicas.<\/p>\n\n\n\n<h2 class=\"wp-block-heading\">Francisco Ayala adelant\u00f3 la colecci\u00f3n 30 a\u00f1os de identidad argentina<\/h2>\n\n\n\n<p><strong>Francisco Ayala<\/strong>, presidente de la CAM, present\u00f3 un desfile que adelant\u00f3 en exclusiva la gran&nbsp;<strong>retrospectiva con la que en 2026, celebrar\u00e1 sus 30 a\u00f1os de trayectoria<\/strong>&nbsp;en la moda.<\/p>\n\n\n\n<p>Desde sus inicios, Ayala ha desarrollado un camino \u00fanico: la pintura a mano sobre vestidos y sedas con&nbsp;<strong>flores aut\u00f3ctonas<\/strong>, la&nbsp;<strong>relectura de la iconograf\u00eda precolombina<\/strong>, la&nbsp;<strong>colaboraci\u00f3n con artistas textiles del fieltro<\/strong>,&nbsp;<strong>artesanas<\/strong>, y la creaci\u00f3n de<strong>&nbsp;g\u00e9neros exclusivos<\/strong>&nbsp;tejidos en telar con&nbsp;<strong>fibras de llama de Catamarca.<\/strong><\/p>\n\n\n\n<figure class=\"wp-block-image\"><img decoding=\"async\" src=\"https:\/\/tn.com.ar\/resizer\/v2\/la-coleccion-de-francisco-ayala-en-arfw-foto-arfashionweekkoifmanok-4P6XNVB2NFCA5CIYIRDXHU5KZU.JPG?auth=d8b647f82b49ff0baea31e84c70a3d1e397ef9c5a9f3e707712c835022bcd7a8&amp;width=767\" alt=\"La colecci\u00f3n de Francisco Ayala en ARFW. (Foto: @arfashionweek\/@koifmanok)\"\/><\/figure>\n\n\n\n<p>Siempre bajo una mirada de&nbsp;<strong>\u201ctriple impacto\u201d&nbsp;<\/strong>que combina valor cultural, compromiso social y sustentabilidad, el desfile fue una ventana hacia ese recorrido, con piezas que&nbsp;<strong>reversionaron colecciones emblem\u00e1ticas&nbsp;<\/strong>y&nbsp;<strong>nuevas creaciones<\/strong>&nbsp;que reafirman su visi\u00f3n sobre la&nbsp;<strong>identidad argentina&nbsp;<\/strong>en la moda.<\/p>\n\n\n\n<p><\/p>\n","protected":false},"excerpt":{"rendered":"<p>Francisco Ayala, Javier de la Llana, Fabricio Encina, Luz de Luna, Silvia Torres y Fernanda Su\u00e1rez representaron a Tucum\u00e1n, Entre R\u00edos, Santa Fe y Buenos Aires con sus presentaciones en&hellip; <\/p>\n","protected":false},"author":8,"featured_media":225133,"comment_status":"closed","ping_status":"open","sticky":false,"template":"","format":"standard","meta":{"footnotes":""},"categories":[28],"tags":[],"class_list":["post-225132","post","type-post","status-publish","format-standard","has-post-thumbnail","hentry","category-tendencias"],"_links":{"self":[{"href":"https:\/\/corrientesdetarde.com\/index.php\/wp-json\/wp\/v2\/posts\/225132","targetHints":{"allow":["GET"]}}],"collection":[{"href":"https:\/\/corrientesdetarde.com\/index.php\/wp-json\/wp\/v2\/posts"}],"about":[{"href":"https:\/\/corrientesdetarde.com\/index.php\/wp-json\/wp\/v2\/types\/post"}],"author":[{"embeddable":true,"href":"https:\/\/corrientesdetarde.com\/index.php\/wp-json\/wp\/v2\/users\/8"}],"replies":[{"embeddable":true,"href":"https:\/\/corrientesdetarde.com\/index.php\/wp-json\/wp\/v2\/comments?post=225132"}],"version-history":[{"count":1,"href":"https:\/\/corrientesdetarde.com\/index.php\/wp-json\/wp\/v2\/posts\/225132\/revisions"}],"predecessor-version":[{"id":225134,"href":"https:\/\/corrientesdetarde.com\/index.php\/wp-json\/wp\/v2\/posts\/225132\/revisions\/225134"}],"wp:featuredmedia":[{"embeddable":true,"href":"https:\/\/corrientesdetarde.com\/index.php\/wp-json\/wp\/v2\/media\/225133"}],"wp:attachment":[{"href":"https:\/\/corrientesdetarde.com\/index.php\/wp-json\/wp\/v2\/media?parent=225132"}],"wp:term":[{"taxonomy":"category","embeddable":true,"href":"https:\/\/corrientesdetarde.com\/index.php\/wp-json\/wp\/v2\/categories?post=225132"},{"taxonomy":"post_tag","embeddable":true,"href":"https:\/\/corrientesdetarde.com\/index.php\/wp-json\/wp\/v2\/tags?post=225132"}],"curies":[{"name":"wp","href":"https:\/\/api.w.org\/{rel}","templated":true}]}}