{"id":225137,"date":"2025-09-01T15:22:11","date_gmt":"2025-09-01T18:22:11","guid":{"rendered":"https:\/\/corrientesdetarde.com\/?p=225137"},"modified":"2025-09-01T15:22:17","modified_gmt":"2025-09-01T18:22:17","slug":"este-martes-se-realizara-la-reapertura-del-centro-cultural-esquina","status":"publish","type":"post","link":"https:\/\/corrientesdetarde.com\/index.php\/cultura\/este-martes-se-realizara-la-reapertura-del-centro-cultural-esquina\/","title":{"rendered":"Este martes se realizar\u00e1 la reapertura del Centro Cultural Esquina"},"content":{"rendered":"\n<p>En el marco del programa de refacci\u00f3n y puesta en valor de salas y teatros del interior provincial ideado por el Teatro Oficial Juan de Vera, con apoyo del Gobierno de la provincia, este martes 2 desde las 19.30 se llevar\u00e1 adelante la reapertura del Centro Cultural Esquina ubicado en el edificio de la Sociedad Italiana de dicha localidad, con un acto protocolar y posterior estreno de la obra in\u00e9dita \u201cCentro Cultural Esquina Renace\u201d<\/p>\n\n\n\n<p>Hermanos del Vera, el programa ideado desde el Teatro Oficial Juan de Vera bajo direcci\u00f3n de Lourdes S\u00e1nchez, dependiente del Instituto de Cultura, y ejecutado con apoyo del Gobierno de la provincia se encuentra en etapa final en la localidad de Esquina.<\/p>\n\n\n\n<p>A partir de un acuerdo sellado a principios de este 2025 entre el Gobierno de la provincia y los intendentes de Ituzaing\u00f3, Juan Pablo Vald\u00e9s, la intendente de Bella Vista, Noelia Bazzi, el intendente de Curuz\u00fa Cuatia, Jos\u00e9 Irigoyen y el jefe comunal Hugo Ben\u00edtez, de Esquina, el programa \u201cHermanos del Vera\u201d apunta al acondicionamiento y puesta en valor de teatros o salas del interior provincial, con el fin de mejorar la infraestructura y los espacios f\u00edsicos para que el sector cultural y las comunidades del interior puedan producir, exhibir y hacer circular sus expresiones art\u00edsticas.<\/p>\n\n\n\n<p><strong>Centro Cultural Esquina Renace<\/strong><\/p>\n\n\n\n<p>La reapertura del Centro Cultural Esquina tendr\u00e1 su acto protocolar en la fachada de la Sociedad Italiana, sita en avenida Bartolom\u00e9 Mitre y calle Benito Lamela, desde las 19.30 hs con participaci\u00f3n de las autoridades municipales, provinciales, la presidente del Instituto de Cultura de Corrientes, Beatriz Kunin, y la directora general del Teatro Oficial Juan de Vera, Lourdes S\u00e1nchez.<\/p>\n\n\n\n<p>Tras el acto formal en la fachada de la Sociedad Italiana, que estar\u00e1 especialmente iluminada para valorizar su riqueza arquitect\u00f3nica, tendr\u00e1 lugar la obra \u201cCentro Cultural Esquina Renace\u201d, bajo direcci\u00f3n de Edu Gondell y Maria Laura Cattalini, con una intervenci\u00f3n art\u00edstica en la sala auditorio del centro cultural por la actriz, cantante y compositora esquinense Yasmina Jazm\u00edn y Juan Gabriel Diris en guitarra, acompa\u00f1ados por el Ballet Oficial Esquina y bailarines del Taller de Formaci\u00f3n Integral de Artistas del Centro Cultural Esquina, adem\u00e1s de la participaci\u00f3n de Diego Pereira, con un especial homenaje a Ra\u00fal Quintana, panadero de la ciudad de Esquina y escritor talentoso que contribuy\u00f3 al g\u00e9nero con letras memorables como &#8220;Esquina de los Lapachos&#8221;, &#8220;Mi Pueblo Libertador&#8221; y &#8220;Pescador Aventurero&#8221;, recientemente fallecido.<\/p>\n\n\n\n<p>&nbsp;La m\u00fasica en vivo vendr\u00e1 de la mano de Bocha Sheridan y un especial concierto que dar\u00e1 paso a una evocaci\u00f3n de Diego Armando Maradona con la participaci\u00f3n del grupo percusivo Esquina Samba Show y Charly I\u00e1cono, al ser Esquina la ciudad que cobij\u00f3 a sus padres y su infancia. Para el cierre, Los Alonsitos sonar\u00e1n en vivo para poner el broche de oro a la reapertura del Centro Cultural.<\/p>\n\n\n\n<p><strong>Las obras<\/strong><\/p>\n\n\n\n<p>En el marco del programa \u201cHermanos del Vera\u201d ejecutado por el Gobierno de la provincia, las tareas de refacci\u00f3n se iniciaron con la reparaci\u00f3n de los techos de la Sociedad Italiana con el objetivo de salvaguardar el cielorraso del edificio. En el sal\u00f3n auditorio se colocaron equipos de splits de 18 mil frigor\u00edas para refrigeraci\u00f3n, previo reemplazo de las instalaciones el\u00e9ctricas a nuevo que abarcan conexiones con el \u00e1rea t\u00e9cnica y el escenario.&nbsp;<\/p>\n\n\n\n<p>En el escenario se reemplazaron los pisos utilizando la madera de pinotea original adem\u00e1s de los telones. Sobre el cielorraso se instalaron conductos de alimentaci\u00f3n el\u00e9ctrica y de sonido que podr\u00e1n operarse desde el \u00e1rea t\u00e9cnica, mediante una estructura met\u00e1lica sobreelevada ubicada sobre la puerta de acceso al auditorio.<\/p>\n","protected":false},"excerpt":{"rendered":"<p>En el marco del programa de refacci\u00f3n y puesta en valor de salas y teatros del interior provincial ideado por el Teatro Oficial Juan de Vera, con apoyo del Gobierno&hellip; <\/p>\n","protected":false},"author":8,"featured_media":225138,"comment_status":"closed","ping_status":"open","sticky":false,"template":"","format":"standard","meta":{"footnotes":""},"categories":[15],"tags":[],"class_list":["post-225137","post","type-post","status-publish","format-standard","has-post-thumbnail","hentry","category-cultura"],"_links":{"self":[{"href":"https:\/\/corrientesdetarde.com\/index.php\/wp-json\/wp\/v2\/posts\/225137","targetHints":{"allow":["GET"]}}],"collection":[{"href":"https:\/\/corrientesdetarde.com\/index.php\/wp-json\/wp\/v2\/posts"}],"about":[{"href":"https:\/\/corrientesdetarde.com\/index.php\/wp-json\/wp\/v2\/types\/post"}],"author":[{"embeddable":true,"href":"https:\/\/corrientesdetarde.com\/index.php\/wp-json\/wp\/v2\/users\/8"}],"replies":[{"embeddable":true,"href":"https:\/\/corrientesdetarde.com\/index.php\/wp-json\/wp\/v2\/comments?post=225137"}],"version-history":[{"count":1,"href":"https:\/\/corrientesdetarde.com\/index.php\/wp-json\/wp\/v2\/posts\/225137\/revisions"}],"predecessor-version":[{"id":225139,"href":"https:\/\/corrientesdetarde.com\/index.php\/wp-json\/wp\/v2\/posts\/225137\/revisions\/225139"}],"wp:featuredmedia":[{"embeddable":true,"href":"https:\/\/corrientesdetarde.com\/index.php\/wp-json\/wp\/v2\/media\/225138"}],"wp:attachment":[{"href":"https:\/\/corrientesdetarde.com\/index.php\/wp-json\/wp\/v2\/media?parent=225137"}],"wp:term":[{"taxonomy":"category","embeddable":true,"href":"https:\/\/corrientesdetarde.com\/index.php\/wp-json\/wp\/v2\/categories?post=225137"},{"taxonomy":"post_tag","embeddable":true,"href":"https:\/\/corrientesdetarde.com\/index.php\/wp-json\/wp\/v2\/tags?post=225137"}],"curies":[{"name":"wp","href":"https:\/\/api.w.org\/{rel}","templated":true}]}}