{"id":225140,"date":"2025-09-01T15:25:11","date_gmt":"2025-09-01T18:25:11","guid":{"rendered":"https:\/\/corrientesdetarde.com\/?p=225140"},"modified":"2025-09-01T15:25:43","modified_gmt":"2025-09-01T18:25:43","slug":"el-gobernador-electo-de-corrientes-acuso-a-la-casa-rosada-de-incumplir-acuerdos-ligados-a-las-obras-publicas","status":"publish","type":"post","link":"https:\/\/corrientesdetarde.com\/index.php\/politica\/el-gobernador-electo-de-corrientes-acuso-a-la-casa-rosada-de-incumplir-acuerdos-ligados-a-las-obras-publicas\/","title":{"rendered":"El gobernador electo de Corrientes acus\u00f3 a la Casa Rosada de incumplir acuerdos ligados a las obras p\u00fablicas"},"content":{"rendered":"\n<p>El gobernador electo de Corrientes acus\u00f3 a la Casa Rosada de&nbsp;<strong>incumplir acuerdos<\/strong>&nbsp;ligados a las obras p\u00fablicas.<strong>&nbsp;Juan Pablo Vald\u00e9s<\/strong>&nbsp;pidi\u00f3 por el avance de trabajos de infraestructura que dijo que firmaron con Naci\u00f3n. Adem\u00e1s hizo pedidos por la&nbsp;<strong>coparticipaci\u00f3n,&nbsp;<\/strong>al advertir sobre &#8220;fondos que no son reenviados a las provincias&#8221;.<\/p>\n\n\n\n<p>Vald\u00e9s plante\u00f3 en declaraciones a&nbsp;<em>Radio Mitre:<\/em>&nbsp;&#8220;Queremos acompa\u00f1ar un plan de gobierno que les permita a los argentinos vivir bien y a la econom\u00eda argentina poder recuperarse. Siempre acompa\u00f1amos y siempre lo vamos a hacer, siempre que sea un&nbsp;<strong>beneficio&nbsp;<\/strong>para la Argentina y no el inter\u00e9s de unos pocos&#8221;.<\/p>\n\n\n\n<p>El hermano del actual gobernador de Corrientes,&nbsp;<strong>Gustavo Vald\u00e9s,<\/strong>&nbsp;dijo: &#8220;En ese sentido mi hermano lo demostr\u00f3 muchas veces, incluso cuando del otro lado&nbsp;<strong>no hab\u00eda se\u00f1ales.&nbsp;<\/strong>De hecho nosotros tenemos muchos compromisos&nbsp;<strong>firmados&nbsp;<\/strong>por ellos, incluso la Autov\u00eda de Corrientes, que no se puede terminar y&nbsp;<strong>no avanza.&nbsp;<\/strong>Es un compromiso que lo firmaron ellos con sus ministros y&nbsp;<strong>no lo cumplieron&#8221;.<\/strong><\/p>\n\n\n\n<p>El gobernador electo de Corrientes adem\u00e1s hizo reclamos por la&nbsp;<strong>coparticipaci\u00f3n:&nbsp;<\/strong>&#8220;Necesitamos que se&nbsp;<strong>cumpla&nbsp;<\/strong>con los compromisos y con lo que nos corresponde a nosotros en materia de coparticipaci\u00f3n. Hay fondos que no son reenviados a las provincias y que necesitamos. Desde hace tiempo vivimos administrando y con<strong>&nbsp;equilibrio fiscal,&nbsp;<\/strong>pero si no nos mandan los fondos es muy dif\u00edcil que podamos administrar correctamente los recursos, porque nos retienen indebidamente dinero que es nuestro&#8221;.<\/p>\n","protected":false},"excerpt":{"rendered":"<p>El gobernador electo de Corrientes acus\u00f3 a la Casa Rosada de&nbsp;incumplir acuerdos&nbsp;ligados a las obras p\u00fablicas.&nbsp;Juan Pablo Vald\u00e9s&nbsp;pidi\u00f3 por el avance de trabajos de infraestructura que dijo que firmaron con&hellip; <\/p>\n","protected":false},"author":8,"featured_media":225141,"comment_status":"closed","ping_status":"open","sticky":false,"template":"","format":"standard","meta":{"footnotes":""},"categories":[3],"tags":[],"class_list":["post-225140","post","type-post","status-publish","format-standard","has-post-thumbnail","hentry","category-politica"],"_links":{"self":[{"href":"https:\/\/corrientesdetarde.com\/index.php\/wp-json\/wp\/v2\/posts\/225140","targetHints":{"allow":["GET"]}}],"collection":[{"href":"https:\/\/corrientesdetarde.com\/index.php\/wp-json\/wp\/v2\/posts"}],"about":[{"href":"https:\/\/corrientesdetarde.com\/index.php\/wp-json\/wp\/v2\/types\/post"}],"author":[{"embeddable":true,"href":"https:\/\/corrientesdetarde.com\/index.php\/wp-json\/wp\/v2\/users\/8"}],"replies":[{"embeddable":true,"href":"https:\/\/corrientesdetarde.com\/index.php\/wp-json\/wp\/v2\/comments?post=225140"}],"version-history":[{"count":1,"href":"https:\/\/corrientesdetarde.com\/index.php\/wp-json\/wp\/v2\/posts\/225140\/revisions"}],"predecessor-version":[{"id":225142,"href":"https:\/\/corrientesdetarde.com\/index.php\/wp-json\/wp\/v2\/posts\/225140\/revisions\/225142"}],"wp:featuredmedia":[{"embeddable":true,"href":"https:\/\/corrientesdetarde.com\/index.php\/wp-json\/wp\/v2\/media\/225141"}],"wp:attachment":[{"href":"https:\/\/corrientesdetarde.com\/index.php\/wp-json\/wp\/v2\/media?parent=225140"}],"wp:term":[{"taxonomy":"category","embeddable":true,"href":"https:\/\/corrientesdetarde.com\/index.php\/wp-json\/wp\/v2\/categories?post=225140"},{"taxonomy":"post_tag","embeddable":true,"href":"https:\/\/corrientesdetarde.com\/index.php\/wp-json\/wp\/v2\/tags?post=225140"}],"curies":[{"name":"wp","href":"https:\/\/api.w.org\/{rel}","templated":true}]}}