{"id":225143,"date":"2025-09-01T15:27:44","date_gmt":"2025-09-01T18:27:44","guid":{"rendered":"https:\/\/corrientesdetarde.com\/?p=225143"},"modified":"2025-09-01T15:27:52","modified_gmt":"2025-09-01T18:27:52","slug":"maduro-dijo-esta-listo-para-la-lucha-armada-si-venezuela-es-invadida-por-estados-unidos","status":"publish","type":"post","link":"https:\/\/corrientesdetarde.com\/index.php\/internacionales\/maduro-dijo-esta-listo-para-la-lucha-armada-si-venezuela-es-invadida-por-estados-unidos\/","title":{"rendered":"Maduro dijo est\u00e1 listo para la lucha armada si Venezuela es invadida por Estados Unidos"},"content":{"rendered":"\n<p>El mandatario venezolano asegur\u00f3 que est\u00e1n rotos los canales de di\u00e1logo con Washington. Afirm\u00f3 que ocho barcos y 1200 misiles apuntan a su pa\u00eds.<\/p>\n\n\n\n<p>El presidente de Venezuela,&nbsp;<strong>Nicol\u00e1s Maduro<\/strong>, dijo este lunes que su pa\u00eds est\u00e1 listo para la \u201c<strong>lucha armada<\/strong>\u201d y denunci\u00f3 un supuesto plan del presidente&nbsp;<strong>Donald Trump<\/strong>&nbsp;para empujarlo a \u201cun ba\u00f1o de sangre\u201d.<\/p>\n\n\n\n<p>\u201cNosotros estamos en un periodo especial de m\u00e1xima preparaci\u00f3n. Y en cualquier circunstancia vamos a garantizar el funcionamiento del pa\u00eds. Nos toque o no nos toque.&nbsp;<strong>Si Venezuela fuera agredida, pasar\u00eda inmediatamente al per\u00edodo de lucha armada<\/strong>&nbsp;en defensa del territorio nacional y de la historia y del pueblo de Venezuela\u201d, a\u00f1adi\u00f3.<\/p>\n\n\n\n<p>Maduro habl\u00f3 en una rueda de prensa en Caracas. \u201cNosotros siempre (&#8230;) tenemos los canales de conversaci\u00f3n, de di\u00e1logo y diplom\u00e1ticos abiertos. Con Estados Unidos tenemos dos, ahora est\u00e1n malogrados los dos\u201d, expres\u00f3.<\/p>\n\n\n\n<p>Adem\u00e1s, el mandatario venezolano advirti\u00f3 a Trump que su secretario de Estado, Marco Rubio, lo quiere \u201cllevar a un ba\u00f1o de sangre (&#8230;) con una masacre contra el pueblo de Venezuela\u201d.<\/p>\n\n\n\n<h2 class=\"wp-block-heading\">Nicol\u00e1s Maduro dijo que ocho barcos y 1200 misiles apuntan a Venezuela<\/h2>\n\n\n\n<p>Maduro denunci\u00f3 que ocho barcos militares de Estados Unidos y 1200 misiles apuntan hacia su pa\u00eds, al reaccionar al despliegue antinarc\u00f3ticos anunciado por Washington en aguas del Caribe.<\/p>\n\n\n\n<p>\u201cVenezuela est\u00e1 enfrentando la m\u00e1s grande amenaza que se haya visto en nuestro continente en los \u00faltimos 100 a\u00f1os\u201d, dijo Maduro durante un encuentro con la prensa internacional en Caracas.<\/p>\n\n\n\n<figure class=\"wp-block-image\"><img decoding=\"async\" src=\"https:\/\/tn.com.ar\/resizer\/v2\/nicolas-maduro-gobernante-de-venezuela-foto-reutersleonardo-fernandez-viloria-RWEPBOJTDAVVMUWGFAQ6DY7QRA.jpg?auth=4c41f23db9071dc5a4b2de57ee2c5bfd93793a81b9407d5769597788262c6c6a&amp;width=767\" alt=\"Nicolas Maduro, gobernante de Venezuela (Foto: REUTERS\/Leonardo Fern\u00e1ndez Viloria)\"\/><\/figure>\n\n\n\n<p>Seg\u00fan el presidente venezolano, los \u201cocho barcos militares con 1200 misiles y un submarino\u201d que apuntan hacia Venezuela constituyen \u201c<strong>una amenaza extravagante, injustificable, inmoral y absolutamente criminal<\/strong>, sangrienta\u201d.<\/p>\n\n\n\n<p>\u201cEllos han querido avanzar hacia lo que llaman la m\u00e1xima presi\u00f3n, en este caso es militar, y ante la m\u00e1xima presi\u00f3n militar, nosotros hemos declarado la m\u00e1xima preparaci\u00f3n para la defensa de Venezuela\u201d, a\u00f1adi\u00f3 Maduro.<\/p>\n\n\n\n<p>Washington aument\u00f3 a 50 millones de d\u00f3lares la recompensa por informaci\u00f3n que conduzca a la captura del mandatario venezolano\u00a0al acusarlo de presuntos nexos con c\u00e1rteles del narcotr\u00e1fico.<\/p>\n\n\n\n<p>Poco despu\u00e9s, el gobierno estadounidense anunci\u00f3 un despliegue militar en aguas internacionales para atacar a organizaciones dedicadas al tr\u00e1fico de estupefacientes.<\/p>\n\n\n\n<p>\u201cVenezuela jam\u00e1s va a ceder frente a chantajes, ni amenazas de ning\u00fan signo\u201d, afirm\u00f3 Maduro.<\/p>\n\n\n\n<p><\/p>\n","protected":false},"excerpt":{"rendered":"<p>El mandatario venezolano asegur\u00f3 que est\u00e1n rotos los canales de di\u00e1logo con Washington. Afirm\u00f3 que ocho barcos y 1200 misiles apuntan a su pa\u00eds. El presidente de Venezuela,&nbsp;Nicol\u00e1s Maduro, dijo&hellip; <\/p>\n","protected":false},"author":8,"featured_media":225144,"comment_status":"closed","ping_status":"open","sticky":false,"template":"","format":"standard","meta":{"footnotes":""},"categories":[11],"tags":[],"class_list":["post-225143","post","type-post","status-publish","format-standard","has-post-thumbnail","hentry","category-internacionales"],"_links":{"self":[{"href":"https:\/\/corrientesdetarde.com\/index.php\/wp-json\/wp\/v2\/posts\/225143","targetHints":{"allow":["GET"]}}],"collection":[{"href":"https:\/\/corrientesdetarde.com\/index.php\/wp-json\/wp\/v2\/posts"}],"about":[{"href":"https:\/\/corrientesdetarde.com\/index.php\/wp-json\/wp\/v2\/types\/post"}],"author":[{"embeddable":true,"href":"https:\/\/corrientesdetarde.com\/index.php\/wp-json\/wp\/v2\/users\/8"}],"replies":[{"embeddable":true,"href":"https:\/\/corrientesdetarde.com\/index.php\/wp-json\/wp\/v2\/comments?post=225143"}],"version-history":[{"count":1,"href":"https:\/\/corrientesdetarde.com\/index.php\/wp-json\/wp\/v2\/posts\/225143\/revisions"}],"predecessor-version":[{"id":225145,"href":"https:\/\/corrientesdetarde.com\/index.php\/wp-json\/wp\/v2\/posts\/225143\/revisions\/225145"}],"wp:featuredmedia":[{"embeddable":true,"href":"https:\/\/corrientesdetarde.com\/index.php\/wp-json\/wp\/v2\/media\/225144"}],"wp:attachment":[{"href":"https:\/\/corrientesdetarde.com\/index.php\/wp-json\/wp\/v2\/media?parent=225143"}],"wp:term":[{"taxonomy":"category","embeddable":true,"href":"https:\/\/corrientesdetarde.com\/index.php\/wp-json\/wp\/v2\/categories?post=225143"},{"taxonomy":"post_tag","embeddable":true,"href":"https:\/\/corrientesdetarde.com\/index.php\/wp-json\/wp\/v2\/tags?post=225143"}],"curies":[{"name":"wp","href":"https:\/\/api.w.org\/{rel}","templated":true}]}}