{"id":225149,"date":"2025-09-01T15:36:07","date_gmt":"2025-09-01T18:36:07","guid":{"rendered":"https:\/\/corrientesdetarde.com\/?p=225149"},"modified":"2025-09-01T15:36:28","modified_gmt":"2025-09-01T18:36:28","slug":"neymar-desmintio-la-version-de-carlo-ancelotti-sobre-su-ausencia-en-brasil-y-encendio-la-polemica","status":"publish","type":"post","link":"https:\/\/corrientesdetarde.com\/index.php\/deportes\/neymar-desmintio-la-version-de-carlo-ancelotti-sobre-su-ausencia-en-brasil-y-encendio-la-polemica\/","title":{"rendered":"Neymar desminti\u00f3 la versi\u00f3n de Carlo Ancelotti sobre su ausencia en Brasil y encendi\u00f3 la pol\u00e9mica"},"content":{"rendered":"\n<p>El entrenador italiano no convoc\u00f3 al crack brasile\u00f1o para disputar los \u00faltimos partidos de Eliminatorias, ante Chile y Bolivia.<\/p>\n\n\n\n<p>Despu\u00e9s de quedar fuera de la \u00faltima convocatoria de la Selecci\u00f3n de Brasil,\u00a0<strong>Neymar<\/strong>\u00a0hizo explosivas declaraciones y <strong>contradijo abiertamente a Carlo Ancelotti<\/strong>, que hab\u00eda justificado su ausencia por supuestos problemas f\u00edsicos.<\/p>\n\n\n\n<p>\u201cTuve un edema, nada grave, tanto que hoy jugu\u00e9.<strong>&nbsp;Creo que me qued\u00e9 fuera por opci\u00f3n t\u00e9cnica, no tiene nada que ver con mi condici\u00f3n f\u00edsica\u201d<\/strong>, dispar\u00f3 el futbolista del Santos.<\/p>\n\n\n\n<p>Las palabras del \u00eddolo no pasaron desapercibidas. En Brasil, la noticia gener\u00f3 un efecto inmediato: \u00bfhay cortocircuito entre el m\u00e1ximo referente y el seleccionador? Neymar incluso dej\u00f3 un mensaje ambiguo:&nbsp;<strong>\u201cRespeto la opini\u00f3n del entrenador, ahora nos toca apoyar a la Selecci\u00f3n\u201d<\/strong>.<\/p>\n\n\n\n<figure class=\"wp-block-image\"><img decoding=\"async\" src=\"https:\/\/tn.com.ar\/resizer\/v2\/neymar-hizo-explosivas-declaraciones-y-contradijo-abiertamente-a-carlo-ancelotti-que-habia-justificado-su-ausencia-por-supuestos-problemas-fisicos-ap-fotoandre-penner-AISK66P2RSCWVF6EEG6GC6Y4WM.jpg?auth=a54c2be78396ac176812732ec4095b480e96fad8927d7568091bb8e3b9c3fb3c&amp;width=767\" alt=\"Neymar hizo explosivas declaraciones y contradijo abiertamente a Carlo Ancelotti, que hab\u00eda justificado su ausencia por supuestos problemas f\u00edsicos. (AP Foto\/Andre Penner)\"\/><\/figure>\n\n\n\n<p>La ausencia de Neymar fue, sin dudas,\u00a0<strong>el golpe m\u00e1s fuerte en la lista de Ancelotti para los partidos de Eliminatorias<\/strong>. La Canarinha se enfrentar\u00e1 a Chile, en R\u00edo de Janeiro y Bolivia en la altura de La Paz. El italiano hab\u00eda buscado bajarle presi\u00f3n al tema con una frase de manual: \u201cNo necesitamos probar a Neymar, todos saben qui\u00e9n es\u201d. Sin embargo,\u00a0<strong>la contradicci\u00f3n p\u00fablica del jugador le quit\u00f3 todo blindaje al discurso.<\/strong><\/p>\n\n\n\n<p>La \u00faltima vez que Neymar visti\u00f3 la \u2018verdeamarela\u2019 fue en&nbsp;<strong>octubre de 2023<\/strong>, cuando sufri\u00f3 una grave lesi\u00f3n en su rodilla jugando contra Uruguay, en Montevideo. Hoy, casi dos a\u00f1os despu\u00e9s, su condici\u00f3n f\u00edsica a\u00fan no le da seguridad al cuerpo t\u00e9cnico que prefiri\u00f3 otros jugadores para este momento.<\/p>\n\n\n\n<figure class=\"wp-block-image\"><img decoding=\"async\" src=\"https:\/\/tn.com.ar\/resizer\/v2\/carlo-ancelotti-entrenador-de-brasil-efe-LZK2X63GZBEHZMA3NI55A2CIWQ.jpg?auth=56f9e6e66817b4615b7fb874fb7142fd86b5d93fe750a2663fe2301762fbb05c&amp;width=767\" alt=\"Carlo Ancelotti, entrenador de Brasil. (EFE).\"\/><\/figure>\n\n\n\n<p><strong>El presente del crack tampoco ayuda a calmar las aguas.<\/strong>&nbsp;El delantero regres\u00f3 al Santos en enero de este a\u00f1o y todav\u00eda no pudo mostrar un gran nivel, en un equipo que lucha por no descender. En lo que va de la temporada disput\u00f3 20 encuentros, entre Brasileirao, Campeonato Paulista y Copa de Brasil con un total de seis goles y tres asistencias.<\/p>\n\n\n\n<p>Con este escenario, la gran inc\u00f3gnita empieza a instalarse: \u00bftendr\u00e1 Neymar lugar en el Mundial 2026?&nbsp;<strong>Sus declaraciones dejan en claro que la relaci\u00f3n con Ancelotti no atraviesa su mejor momento<\/strong>&nbsp;y su presente deportivo todav\u00eda no le devuelve la chapa de intocable.<\/p>\n\n\n\n<p><\/p>\n","protected":false},"excerpt":{"rendered":"<p>El entrenador italiano no convoc\u00f3 al crack brasile\u00f1o para disputar los \u00faltimos partidos de Eliminatorias, ante Chile y Bolivia. Despu\u00e9s de quedar fuera de la \u00faltima convocatoria de la Selecci\u00f3n&hellip; <\/p>\n","protected":false},"author":8,"featured_media":225150,"comment_status":"closed","ping_status":"open","sticky":false,"template":"","format":"standard","meta":{"footnotes":""},"categories":[4],"tags":[],"class_list":["post-225149","post","type-post","status-publish","format-standard","has-post-thumbnail","hentry","category-deportes"],"_links":{"self":[{"href":"https:\/\/corrientesdetarde.com\/index.php\/wp-json\/wp\/v2\/posts\/225149","targetHints":{"allow":["GET"]}}],"collection":[{"href":"https:\/\/corrientesdetarde.com\/index.php\/wp-json\/wp\/v2\/posts"}],"about":[{"href":"https:\/\/corrientesdetarde.com\/index.php\/wp-json\/wp\/v2\/types\/post"}],"author":[{"embeddable":true,"href":"https:\/\/corrientesdetarde.com\/index.php\/wp-json\/wp\/v2\/users\/8"}],"replies":[{"embeddable":true,"href":"https:\/\/corrientesdetarde.com\/index.php\/wp-json\/wp\/v2\/comments?post=225149"}],"version-history":[{"count":1,"href":"https:\/\/corrientesdetarde.com\/index.php\/wp-json\/wp\/v2\/posts\/225149\/revisions"}],"predecessor-version":[{"id":225151,"href":"https:\/\/corrientesdetarde.com\/index.php\/wp-json\/wp\/v2\/posts\/225149\/revisions\/225151"}],"wp:featuredmedia":[{"embeddable":true,"href":"https:\/\/corrientesdetarde.com\/index.php\/wp-json\/wp\/v2\/media\/225150"}],"wp:attachment":[{"href":"https:\/\/corrientesdetarde.com\/index.php\/wp-json\/wp\/v2\/media?parent=225149"}],"wp:term":[{"taxonomy":"category","embeddable":true,"href":"https:\/\/corrientesdetarde.com\/index.php\/wp-json\/wp\/v2\/categories?post=225149"},{"taxonomy":"post_tag","embeddable":true,"href":"https:\/\/corrientesdetarde.com\/index.php\/wp-json\/wp\/v2\/tags?post=225149"}],"curies":[{"name":"wp","href":"https:\/\/api.w.org\/{rel}","templated":true}]}}