{"id":225158,"date":"2025-09-01T16:13:48","date_gmt":"2025-09-01T19:13:48","guid":{"rendered":"https:\/\/corrientesdetarde.com\/?p=225158"},"modified":"2025-09-01T16:13:54","modified_gmt":"2025-09-01T19:13:54","slug":"se-los-presento-las-primeras-fotos-de-manuel-el-hijo-de-alejandra-maglietti","status":"publish","type":"post","link":"https:\/\/corrientesdetarde.com\/index.php\/espectaculos\/se-los-presento-las-primeras-fotos-de-manuel-el-hijo-de-alejandra-maglietti\/","title":{"rendered":"\u201cSe los presento\u201d: las primeras fotos de Manuel, el hijo de Alejandra Maglietti"},"content":{"rendered":"\n<p>La panelista comparti\u00f3 en sus redes sociales c\u00f3mo fueron los primeros d\u00edas como mam\u00e1.<\/p>\n\n\n\n<p>Hace tres semanas,\u00a0<strong>Alejandra Maglietti<\/strong> se convirti\u00f3 en mam\u00e1 por primera vez y este domingo\u00a0<strong>comparti\u00f3 las primeras fotos de su hijo, Manuel.<\/strong><\/p>\n\n\n\n<p>La panelista de&nbsp;<em>Bendita (El nueve)<\/em>&nbsp;acompa\u00f1\u00f3 las im\u00e1genes con un mensaje donde se refiri\u00f3 a la maternidad y c\u00f3mo cambi\u00f3 su rutina desde la llegada del beb\u00e9.<\/p>\n\n\n\n<p>\u201cLes quiero presentar a Manu. Ma\u00f1ana se cumplen 3 semanas desde que lleg\u00f3 a nuestras vidas y todav\u00eda siento que estoy so\u00f1ando.&nbsp;<strong>Estos d\u00edas fueron de conocernos, de aprender juntos y de sentir un amor que nunca hab\u00eda experimentado<\/strong>\u201d, escribi\u00f3 a pura emoci\u00f3n.<\/p>\n\n\n\n<figure class=\"wp-block-image\"><img decoding=\"async\" src=\"https:\/\/tn.com.ar\/resizer\/v2\/manuel-el-primer-hijo-de-alejandra-maglietti-nacio-el-12-de-agosto-foto-instagram-alemaglietti-5EOJESBSUVHNPBTQ5DOK7BEDTA.jpg?auth=9168e4ab549b48304e4cc5e28ff00403ef11f7a74818fccd41b9a5475fd3318f&amp;width=767\" alt=\"Manuel, el primer hijo de Alejandra Maglietti, naci\u00f3 el 12 de agosto. (Foto: Instagram \/ alemaglietti)\"\/><\/figure>\n\n\n\n<p>Adem\u00e1s, explic\u00f3 que decidi\u00f3 alejarse temporalmente de las redes para dedicarse plenamente a cuidar de su hijo y priorizar la intimidad familiar.<\/p>\n\n\n\n<figure class=\"wp-block-image\"><img decoding=\"async\" src=\"https:\/\/tn.com.ar\/resizer\/v2\/alejandra-maglietti-junto-a-su-hijo-manuel-foto-instagram-alemaglietti-3XHZJ5IQYFFAZLENB3UBGHQ6BQ.jpg?auth=24e467614e6d9bfdaeb06d5c19852e8d40c0477c80fbba7e66407394350414e8&amp;width=767\" alt=\"Alejandra Maglietti junto a su hijo Manuel. (Foto: Instagram \/ alemaglietti)\"\/><\/figure>\n\n\n\n<figure class=\"wp-block-image\"><img decoding=\"async\" src=\"https:\/\/tn.com.ar\/resizer\/v2\/algunas-de-las-tiernas-fotos-que-compartio-alejandra-maglietti-de-su-vida-desde-la-llegada-de-su-hijo-manuel-foto-instagram-alemaglietti-NIMLT2QURJEFDBJRO5ZJ7GBSJI.jpg?auth=fa80a96d3c83e3d6aa0d69b5d800ea8013dee764063e4e7b77d20cdf23bf171d&amp;width=767\" alt=\"Algunas de las tiernas fotos que comparti\u00f3 Alejandra Maglietti de su vida desde la llegada de su hijo Manuel. (Foto: Instagram \/ alemaglietti)\"\/><\/figure>\n\n\n\n<p>Maglietti cerr\u00f3 su publicaci\u00f3n agradeciendo a quienes la acompa\u00f1aron en estas primeras semanas: \u201cGracias por los mensajes llenos de cari\u00f1o.&nbsp;<strong>Me siento muy feliz y agradecida. Bienvenido Manuel, nuestro regalo m\u00e1s hermoso<\/strong>\u201d, expuso, mientras los seguidores se enternecieron por las im\u00e1genes y la felicitaron por haber agrandado la familia.<\/p>\n\n\n\n<figure class=\"wp-block-image\"><img decoding=\"async\" src=\"https:\/\/tn.com.ar\/resizer\/v2\/manuel-el-primer-hijo-de-alejandra-maglietti-foto-instagram-alemaglietti-GDBVWGZPQZARLDKCX7Z6PQQT7M.jpg?auth=40efbe5fdfea49b1dc01729c64e2bfebff98df2a386ffc3f0eda046f0f27014c&amp;width=767\" alt=\"Manuel, el primer hijo de Alejandra Maglietti. (Foto: Instagram \/ alemaglietti)\"\/><\/figure>\n\n\n\n<h2 class=\"wp-block-heading\">As\u00ed hab\u00edan anunciado el nacimiento de Manuel, el primer hijo de Alejandra Maglietti<\/h2>\n\n\n\n<p>El 12 de agosto, <strong>Beto Casella<\/strong>\u00a0interrumpi\u00f3\u00a0<em>Bendita (El nueve)<\/em>\u00a0y se mostr\u00f3 muy feliz por la llegada del beb\u00e9 que tuvo Alejandra Maglietti. \u201cNos llena de felicidad\u201d, dijo sobre el anuncio.<\/p>\n\n\n\n<p>Adem\u00e1s, el conductor aport\u00f3 algunos detalles como que se trat\u00f3 de una ces\u00e1rea programada y que el beb\u00e9 pes\u00f3 4,200 kilos, un dato que gener\u00f3 comentarios divertidos entre sus compa\u00f1eros.<strong>&nbsp;\u201cAhora entendemos la pancita de Alejandra\u201d<\/strong>, brome\u00f3 con cari\u00f1o, mientras celebraba que tanto la modelo como el peque\u00f1o se encuentran en perfecto estado de salud.<\/p>\n\n\n\n<p>Durante todo el proceso, el equipo de&nbsp;<em>Bendita&nbsp;<\/em>estuvo muy presente, brindando apoyo y acompa\u00f1amiento a Alejandra en este momento tan especial. \u201cEstamos cuid\u00e1ndola y respetando sus tiempos, pero siempre listos para lo que necesite\u201d, agreg\u00f3 Beto.<\/p>\n\n\n\n<p>Finalmente, tras mostrar la primera imagen de Manuel, el conductor dedic\u00f3 unas palabras emotivas a la flamante mam\u00e1 y su beb\u00e9:&nbsp;<strong>\u201cSe hizo esperar, pero lleg\u00f3 sano y fuerte<\/strong>. Bienvenido al mundo, Manuel, y felicidades a Alejandra por esta hermosa nueva etapa\u201d.<\/p>\n\n\n\n<p><\/p>\n","protected":false},"excerpt":{"rendered":"<p>La panelista comparti\u00f3 en sus redes sociales c\u00f3mo fueron los primeros d\u00edas como mam\u00e1. Hace tres semanas,\u00a0Alejandra Maglietti se convirti\u00f3 en mam\u00e1 por primera vez y este domingo\u00a0comparti\u00f3 las primeras&hellip; <\/p>\n","protected":false},"author":8,"featured_media":225159,"comment_status":"closed","ping_status":"open","sticky":false,"template":"","format":"standard","meta":{"footnotes":""},"categories":[19],"tags":[],"class_list":["post-225158","post","type-post","status-publish","format-standard","has-post-thumbnail","hentry","category-espectaculos"],"_links":{"self":[{"href":"https:\/\/corrientesdetarde.com\/index.php\/wp-json\/wp\/v2\/posts\/225158","targetHints":{"allow":["GET"]}}],"collection":[{"href":"https:\/\/corrientesdetarde.com\/index.php\/wp-json\/wp\/v2\/posts"}],"about":[{"href":"https:\/\/corrientesdetarde.com\/index.php\/wp-json\/wp\/v2\/types\/post"}],"author":[{"embeddable":true,"href":"https:\/\/corrientesdetarde.com\/index.php\/wp-json\/wp\/v2\/users\/8"}],"replies":[{"embeddable":true,"href":"https:\/\/corrientesdetarde.com\/index.php\/wp-json\/wp\/v2\/comments?post=225158"}],"version-history":[{"count":1,"href":"https:\/\/corrientesdetarde.com\/index.php\/wp-json\/wp\/v2\/posts\/225158\/revisions"}],"predecessor-version":[{"id":225160,"href":"https:\/\/corrientesdetarde.com\/index.php\/wp-json\/wp\/v2\/posts\/225158\/revisions\/225160"}],"wp:featuredmedia":[{"embeddable":true,"href":"https:\/\/corrientesdetarde.com\/index.php\/wp-json\/wp\/v2\/media\/225159"}],"wp:attachment":[{"href":"https:\/\/corrientesdetarde.com\/index.php\/wp-json\/wp\/v2\/media?parent=225158"}],"wp:term":[{"taxonomy":"category","embeddable":true,"href":"https:\/\/corrientesdetarde.com\/index.php\/wp-json\/wp\/v2\/categories?post=225158"},{"taxonomy":"post_tag","embeddable":true,"href":"https:\/\/corrientesdetarde.com\/index.php\/wp-json\/wp\/v2\/tags?post=225158"}],"curies":[{"name":"wp","href":"https:\/\/api.w.org\/{rel}","templated":true}]}}