{"id":225162,"date":"2025-09-01T16:20:47","date_gmt":"2025-09-01T19:20:47","guid":{"rendered":"https:\/\/corrientesdetarde.com\/?p=225162"},"modified":"2025-09-01T16:21:19","modified_gmt":"2025-09-01T19:21:19","slug":"asi-es-por-dentro-la-caja-de-seguridad-de-uno-de-los-duenos-de-la-drogueria-suizo-argentina","status":"publish","type":"post","link":"https:\/\/corrientesdetarde.com\/index.php\/nacionales\/asi-es-por-dentro-la-caja-de-seguridad-de-uno-de-los-duenos-de-la-drogueria-suizo-argentina\/","title":{"rendered":"as\u00ed es por dentro la caja de seguridad de uno de los due\u00f1os de la droguer\u00eda Suizo Argentina"},"content":{"rendered":"\n<p>El empresario es uno de los investigados en la causa por presunta corrupci\u00f3n en la Agencia Nacional de Discapacidad.<a href=\"https:\/\/tn.com.ar\/autor\/Sergio+Farella\/\"><\/a><\/p>\n\n\n\n<p>Se conocieron fotos de la caja de seguridad, con d\u00f3lares, del empresario\u00a0<strong>Jonathan Kovalivker,<\/strong>\u00a0uno de los principales investigados en la causa de las\u00a0<strong>presuntas coimas,<\/strong>\u00a0a partir de los audios del extitular de la Agencia Nacional de Discapacidad (ANDIS)\u00a0<strong>Diego Spagnuolo.<\/strong>\u00a0Es uno de los due\u00f1os de la droguer\u00eda\u00a0<strong>Suizo Argentina<\/strong>\u00a0y de los principales investigados en la causa por supuesta corrupci\u00f3n vinculada a la ANDIS.<\/p>\n\n\n\n<p>La imagen data de mediados de agosto, cuando se hicieron allanamientos en la casa del empresario en su casa en Nordelta, por orden del juez federal&nbsp;<strong>Sebasti\u00e1n Casanello.<\/strong>&nbsp;En esa oportunidad<strong>&nbsp;no encontraron<\/strong>&nbsp;al ejecutivo, que huy\u00f3 del lugar. En la imagen se ven bandas el\u00e1sticas sueltas, y la sospecha es que<strong>&nbsp;se llev\u00f3 d\u00f3lares&nbsp;<\/strong>de la caja fuerte antes de escapar del barrio cerrado.<\/p>\n\n\n\n<p>Justamente para la Justicia el jefe de seguridad de Nordelta,\u00a0<strong>Ariel De Vincentis,\u00a0<\/strong>colabor\u00f3 para que Kovalivker\u00a0<strong>pudiera huir<\/strong>\u00a0en medio de los operativos por el esc\u00e1ndalo de presuntas coimas en ANDIS. Frente a esa sospecha Casanello proces\u00f3 a De Vicentis, como anticip\u00f3\u00a0<strong>,<\/strong>\u00a0\u201cpor considerarlo autor de los delitos de\u00a0<strong>desobediencia\u00a0<\/strong>a la autoridad,\u00a0<strong>estorbo\u00a0<\/strong>de un acto funcional y\u00a0<strong>encubrimiento\u201d.<\/strong><\/p>\n\n\n\n<figure class=\"wp-block-image\"><img decoding=\"async\" src=\"https:\/\/tn.com.ar\/resizer\/v2\/dan-a-conocer-el-interior-de-la-caja-fuerte-de-uno-de-los-duenos-de-la-drogueria-suizo-argentina-jonathan-kovalivker-tras-el-allanamiento-en-su-casa-de-nordelta-foto-tn-6T3YFQKZSJERXAZS6QCF5ALZWM.jpeg?auth=541d6828791ed84c3e0abce3991ff5efb63586b5787d2821a4a9c9cb085767dc&amp;width=767\" alt=\"Dan a conocer el interior de la caja fuerte de uno de los due\u00f1os de la droguer\u00eda Suizo Argentina, Jonathan Kovalivker, tras el allanamiento en su casa de Nordelta. (Foto: TN)\"\/><\/figure>\n\n\n\n<p>El juez adem\u00e1s estableci\u00f3 un&nbsp;<strong>embargo&nbsp;<\/strong>sobre sus bienes de&nbsp;<strong>$2 millones.&nbsp;<\/strong>Por otro lado, declar\u00f3 la incompetencia del juzgado a su cargo para seguir con esta investigaci\u00f3n, que ser\u00e1 remitida a un tribunal con jurisdicci\u00f3n en la localidad en la que se encuentra el country Nordelta.<\/p>\n\n\n\n<h2 class=\"wp-block-heading\">La Justicia bloque\u00f3 el acceso de los involucrados en la causa de las presuntas coimas a sus cajas de seguridad<\/h2>\n\n\n\n<p>La semana pasada Casanello dispuso el&nbsp;<strong>bloqueo<\/strong>&nbsp;del acceso a las cajas de seguridad de los principales involucrados en la causa de los audios en los que el extitular de la Agencia de Discapacidad habl\u00f3 sobre&nbsp;<strong>supuestos pagos&nbsp;<\/strong>para facilitar contratos con droguer\u00edas.<\/p>\n\n\n\n<p>La medida alcanza a entre otros a exfuncionarios, como el ex titular de la ANDIS y el exdirector nacional de Acceso a los Servicios de Salud,&nbsp;<strong>Daniel Mar\u00eda Garbellini,<\/strong>&nbsp;y a la familia Kovalivker.<\/p>\n\n\n\n<p>La medida se dispuso a trav\u00e9s de un oficio al Banco Central (BCRA). El argumento de la decisi\u00f3n es porque no solo en las cajas de seguridad se guarda plata, sino tambi\u00e9n documentos. De esa manera, la Justicia busca&nbsp;<strong>evitar que se eliminen pruebas.<\/strong><\/p>\n\n\n\n<h2 class=\"wp-block-heading\">Los due\u00f1os de la droguer\u00eda Suizo Argentina presentaron un nuevo recurso para cerrar la causa por supuestas coimas en la ANDIS<\/h2>\n\n\n\n<p><strong>Emmanuel y Jonathan Kovalivker,<\/strong>\u00a0los hermanos due\u00f1os de la\u00a0<strong>droguer\u00eda Suizo Argentina<\/strong>, solicitaron Casanello que se cierre la causa en su contra por \u201ccosa juzgada\u201d, ya que en febrero de este a\u00f1o fue archivada una denuncia en su contra por administraci\u00f3n fraudulenta, como anticip\u00f3\u00a0<strong>Sergio Farella<\/strong>\u00a0<strong>.<\/strong><\/p>\n\n\n\n<p>La causa mencionada se inici\u00f3 el 25 de agosto de 2024 a ra\u00edz de una denuncia presentada por Alejandro D\u00edaz Pascual, miembro de la asociaci\u00f3n civil \u201cArco Social\u201d, por supuestas compras millonarias por parte de la ANDIS a la droguer\u00eda Suizo Argentina, por montos que alcanzan casi los treinta mil millones de pesos sin la correspondiente licitaci\u00f3n p\u00fablica.<\/p>\n","protected":false},"excerpt":{"rendered":"<p>El empresario es uno de los investigados en la causa por presunta corrupci\u00f3n en la Agencia Nacional de Discapacidad. Se conocieron fotos de la caja de seguridad, con d\u00f3lares, del&hellip; <\/p>\n","protected":false},"author":8,"featured_media":225163,"comment_status":"closed","ping_status":"open","sticky":false,"template":"","format":"standard","meta":{"footnotes":""},"categories":[10],"tags":[],"class_list":["post-225162","post","type-post","status-publish","format-standard","has-post-thumbnail","hentry","category-nacionales"],"_links":{"self":[{"href":"https:\/\/corrientesdetarde.com\/index.php\/wp-json\/wp\/v2\/posts\/225162","targetHints":{"allow":["GET"]}}],"collection":[{"href":"https:\/\/corrientesdetarde.com\/index.php\/wp-json\/wp\/v2\/posts"}],"about":[{"href":"https:\/\/corrientesdetarde.com\/index.php\/wp-json\/wp\/v2\/types\/post"}],"author":[{"embeddable":true,"href":"https:\/\/corrientesdetarde.com\/index.php\/wp-json\/wp\/v2\/users\/8"}],"replies":[{"embeddable":true,"href":"https:\/\/corrientesdetarde.com\/index.php\/wp-json\/wp\/v2\/comments?post=225162"}],"version-history":[{"count":1,"href":"https:\/\/corrientesdetarde.com\/index.php\/wp-json\/wp\/v2\/posts\/225162\/revisions"}],"predecessor-version":[{"id":225165,"href":"https:\/\/corrientesdetarde.com\/index.php\/wp-json\/wp\/v2\/posts\/225162\/revisions\/225165"}],"wp:featuredmedia":[{"embeddable":true,"href":"https:\/\/corrientesdetarde.com\/index.php\/wp-json\/wp\/v2\/media\/225163"}],"wp:attachment":[{"href":"https:\/\/corrientesdetarde.com\/index.php\/wp-json\/wp\/v2\/media?parent=225162"}],"wp:term":[{"taxonomy":"category","embeddable":true,"href":"https:\/\/corrientesdetarde.com\/index.php\/wp-json\/wp\/v2\/categories?post=225162"},{"taxonomy":"post_tag","embeddable":true,"href":"https:\/\/corrientesdetarde.com\/index.php\/wp-json\/wp\/v2\/tags?post=225162"}],"curies":[{"name":"wp","href":"https:\/\/api.w.org\/{rel}","templated":true}]}}