{"id":225167,"date":"2025-09-01T16:27:33","date_gmt":"2025-09-01T19:27:33","guid":{"rendered":"https:\/\/corrientesdetarde.com\/?p=225167"},"modified":"2025-09-01T16:27:40","modified_gmt":"2025-09-01T19:27:40","slug":"es-oficial-el-aumento-para-jubilados-y-pensionados-cuanto-cobraran-en-septiembre","status":"publish","type":"post","link":"https:\/\/corrientesdetarde.com\/index.php\/economia\/es-oficial-el-aumento-para-jubilados-y-pensionados-cuanto-cobraran-en-septiembre\/","title":{"rendered":"Es oficial el aumento para jubilados y pensionados: cu\u00e1nto cobrar\u00e1n en septiembre"},"content":{"rendered":"\n<p>El organismo formaliz\u00f3 el incremento sobre la base de la inflaci\u00f3n de julio. C\u00f3mo quedan los haberes durante el noveno mes del a\u00f1o.<\/p>\n\n\n\n<p>El\u00a0<strong>Gobierno<\/strong>\u00a0oficializ\u00f3 este lunes el\u00a0<strong>aumento en los haberes<\/strong>\u00a0de septiembre para\u00a0<strong>jubilados\u00a0<\/strong>y\u00a0<strong>pensionados<\/strong>. La suba ser\u00e1 de\u00a0<strong>1,9%<\/strong>, de acuerdo con la f\u00f3rmula de movilidad previsional, que sigue el \u00faltimo dato disponible de\u00a0<strong>\u00cdndice de Precios al Consumidor (IPC) Nacional\u00a0<\/strong>que informa el\u00a0<strong>INDEC<\/strong>.<\/p>\n\n\n\n<p>De esta manera, la jubilaci\u00f3n m\u00ednima en el noveno mes del a\u00f1o ser\u00e1 de&nbsp;<strong>$320.277,17<\/strong>, sin contar el bono de hasta $70.000 que el Gobierno ya confirm\u00f3 que otorgar\u00e1 a los que menos ganan.<\/p>\n\n\n\n<p>Por otro lado, el&nbsp;<strong>haber m\u00e1ximo&nbsp;<\/strong>para septiembre ser\u00e1 de&nbsp;<strong>$2.155.162,17<\/strong>. La medida fue oficializada a trav\u00e9s de la<strong>&nbsp;resoluci\u00f3n 298<\/strong>, publicada este lunes 1 de septiembre en el Bolet\u00edn Oficial.<\/p>\n\n\n\n<p>El aumento de 1,9% tambi\u00e9n se aplica para actualizar otras prestaciones que paga la ANSES. As\u00ed, la Asignaci\u00f3n Universal por Hijo (<strong>AUH<\/strong>) y la Asignaci\u00f3n por Embarazo Para Protecci\u00f3n Social (<strong>AUE<\/strong>) subir\u00e1n a&nbsp;<strong>$115.087,90&nbsp;<\/strong>desde este mes.<\/p>\n\n\n\n<h2 class=\"wp-block-heading\">Jubilaciones y pensiones de ANSES: cu\u00e1nto cobrar\u00e1n en septiembre, tras el dato del Indec<\/h2>\n\n\n\n<p>Desde marzo de 2024, las jubilaciones y pensiones se ajustan con el \u00faltimo dato disponible del \u00edndice de precios (<strong>IPC<\/strong>). De acuerdo con ese c\u00e1lculo, los haberes quedar\u00e1n en septiembre de la siguiente manera, sin contar el bono extraordinario para los que menos ganan:<\/p>\n\n\n\n<ul class=\"wp-block-list\">\n<li>La<strong>\u00a0jubilaci\u00f3n m\u00ednima<\/strong>:\u00a0<strong>$320.277,17<\/strong>;<\/li>\n\n\n\n<li>La\u00a0<strong>jubilaci\u00f3n m\u00e1xima<\/strong>:\u00a0<strong>$2.155.162,17;<\/strong><\/li>\n\n\n\n<li>La Pensi\u00f3n Universal de Adultos Mayores (<strong>PUAM<\/strong>):\u00a0<strong>$256.221,74<\/strong>;<\/li>\n\n\n\n<li>Las\u00a0<strong>Pensiones no Contributivas<\/strong>\u00a0(PNC):\u00a0<strong>$224.194,02<\/strong>;<\/li>\n\n\n\n<li>La\u00a0<strong>Prestaci\u00f3n B\u00e1sica Universal<\/strong>\u00a0(PBU):\u00a0llega a\u00a0<strong>$146.512,19<\/strong>.<\/li>\n<\/ul>\n\n\n\n<h2 class=\"wp-block-heading\">Aumento AUH y otras asignaciones de ANSES: cu\u00e1nto cobran desde septiembre<\/h2>\n\n\n\n<p>La&nbsp;<strong>AUH y otras asignaciones&nbsp;<\/strong>quedar\u00edan desde<strong>&nbsp;septiembre&nbsp;<\/strong>de la siguiente manera, dada la inflaci\u00f3n de<strong>&nbsp;1,9%<\/strong>&nbsp;en julio que report\u00f3 el INDEC.<\/p>\n\n\n\n<ul class=\"wp-block-list\">\n<li>La Asignaci\u00f3n Universal por Hijo (<strong>AUH<\/strong>):\u00a0<strong>$115.087,90.<\/strong><\/li>\n\n\n\n<li>La Asignaci\u00f3n Universal por Embarazo (<strong>AUE<\/strong>):\u00a0<strong>$115.087,90.<\/strong><\/li>\n\n\n\n<li>La\u00a0<strong>asignaci\u00f3n por hijo\u00a0<\/strong>(salario familiar) del sistema<strong>\u00a0SUAF<\/strong>:\u00a0<strong>$57.548,03\u00a0<\/strong>para el primer escal\u00f3n de ingresos.<\/li>\n<\/ul>\n","protected":false},"excerpt":{"rendered":"<p>El organismo formaliz\u00f3 el incremento sobre la base de la inflaci\u00f3n de julio. C\u00f3mo quedan los haberes durante el noveno mes del a\u00f1o. El\u00a0Gobierno\u00a0oficializ\u00f3 este lunes el\u00a0aumento en los haberes\u00a0de&hellip; <\/p>\n","protected":false},"author":8,"featured_media":225168,"comment_status":"closed","ping_status":"open","sticky":false,"template":"","format":"standard","meta":{"footnotes":""},"categories":[20],"tags":[],"class_list":["post-225167","post","type-post","status-publish","format-standard","has-post-thumbnail","hentry","category-economia"],"_links":{"self":[{"href":"https:\/\/corrientesdetarde.com\/index.php\/wp-json\/wp\/v2\/posts\/225167","targetHints":{"allow":["GET"]}}],"collection":[{"href":"https:\/\/corrientesdetarde.com\/index.php\/wp-json\/wp\/v2\/posts"}],"about":[{"href":"https:\/\/corrientesdetarde.com\/index.php\/wp-json\/wp\/v2\/types\/post"}],"author":[{"embeddable":true,"href":"https:\/\/corrientesdetarde.com\/index.php\/wp-json\/wp\/v2\/users\/8"}],"replies":[{"embeddable":true,"href":"https:\/\/corrientesdetarde.com\/index.php\/wp-json\/wp\/v2\/comments?post=225167"}],"version-history":[{"count":1,"href":"https:\/\/corrientesdetarde.com\/index.php\/wp-json\/wp\/v2\/posts\/225167\/revisions"}],"predecessor-version":[{"id":225169,"href":"https:\/\/corrientesdetarde.com\/index.php\/wp-json\/wp\/v2\/posts\/225167\/revisions\/225169"}],"wp:featuredmedia":[{"embeddable":true,"href":"https:\/\/corrientesdetarde.com\/index.php\/wp-json\/wp\/v2\/media\/225168"}],"wp:attachment":[{"href":"https:\/\/corrientesdetarde.com\/index.php\/wp-json\/wp\/v2\/media?parent=225167"}],"wp:term":[{"taxonomy":"category","embeddable":true,"href":"https:\/\/corrientesdetarde.com\/index.php\/wp-json\/wp\/v2\/categories?post=225167"},{"taxonomy":"post_tag","embeddable":true,"href":"https:\/\/corrientesdetarde.com\/index.php\/wp-json\/wp\/v2\/tags?post=225167"}],"curies":[{"name":"wp","href":"https:\/\/api.w.org\/{rel}","templated":true}]}}